{"id":6115,"date":"2022-01-19T16:10:35","date_gmt":"2022-01-19T15:10:35","guid":{"rendered":"https:\/\/agora.xtec.cat\/ceip-ignasiiglesias-cornella\/?p=6115"},"modified":"2022-01-19T16:14:10","modified_gmt":"2022-01-19T15:14:10","slug":"6e-batucada-2","status":"publish","type":"post","link":"https:\/\/agora.xtec.cat\/ceip-ignasiiglesias-cornella\/general\/6e-batucada-2\/","title":{"rendered":"6\u00e8. Batucada"},"content":{"rendered":"<p>Avui els nens i nenes de 6\u00e8 han realitzat a l&#8217;escola un taller de batucada de la m\u00e0 del grup <a href=\"https:\/\/www.solrepercussio.cat\/\">Solre Percussi\u00f3<\/a>.<\/p>\n<p>Podeu veure les fotos i v\u00eddeos del taller clicant <a href=\"https:\/\/agora.xtec.cat\/ceip-ignasiiglesias-cornella\/cicle-superior-2021-2022\/\">AQU\u00cd<\/a>.<\/p>\n<p>Han realitzat dos ritmes: el matador i el ritme de samba. A partir d&#8217;aquest taller iniciem unes sessions de batucada a l&#8217; aula de m\u00fasica que esperem culminin en una gran batucada de Carnaval.<\/p>\n","protected":false},"excerpt":{"rendered":"<p>Avui els nens i nenes de 6\u00e8 han realitzat a l&#8217;escola un taller de batucada de la m\u00e0 del grup <a href=\"https:\/\/www.solrepercussio.cat\/\">Solre Percussi\u00f3<\/a>.<br \/>\nPodeu veure les fotos i v\u00eddeos del taller clicant <a href=\"https:\/\/agora.xtec.cat\/ceip-ignasiiglesias-cornella\/cicle-superior-2021-2022\/\">AQU\u00cd<\/a>.<br \/>\nHan realitzat dos ritmes: el matador i el ritme de samba. A partir&hellip;  <a href=\"https:\/\/agora.xtec.cat\/ceip-ignasiiglesias-cornella\/general\/6e-batucada-2\/\" title=\"Read 6\u00e8. Batucada\">Llegeix m\u00e9s\u00bb<\/a><\/p>\n","protected":false},"author":4,"featured_media":5182,"comment_status":"open","ping_status":"closed","sticky":false,"template":"","format":"standard","meta":{"_bbp_topic_count":0,"_bbp_reply_count":0,"_bbp_total_topic_count":0,"_bbp_total_reply_count":0,"_bbp_voice_count":0,"_bbp_anonymous_reply_count":0,"_bbp_topic_count_hidden":0,"_bbp_reply_count_hidden":0,"_bbp_forum_subforum_count":0,"footnotes":""},"categories":[14,1,72,4],"tags":[],"class_list":["post-6115","post","type-post","status-publish","format-standard","has-post-thumbnail","hentry","category-cicle-superior","category-general","category-musica","category-portada"],"post_mailing_queue_ids":[],"_links":{"self":[{"href":"https:\/\/agora.xtec.cat\/ceip-ignasiiglesias-cornella\/wp-json\/wp\/v2\/posts\/6115","targetHints":{"allow":["GET"]}}],"collection":[{"href":"https:\/\/agora.xtec.cat\/ceip-ignasiiglesias-cornella\/wp-json\/wp\/v2\/posts"}],"about":[{"href":"https:\/\/agora.xtec.cat\/ceip-ignasiiglesias-cornella\/wp-json\/wp\/v2\/types\/post"}],"author":[{"embeddable":true,"href":"https:\/\/agora.xtec.cat\/ceip-ignasiiglesias-cornella\/wp-json\/wp\/v2\/users\/4"}],"replies":[{"embeddable":true,"href":"https:\/\/agora.xtec.cat\/ceip-ignasiiglesias-cornella\/wp-json\/wp\/v2\/comments?post=6115"}],"version-history":[{"count":3,"href":"https:\/\/agora.xtec.cat\/ceip-ignasiiglesias-cornella\/wp-json\/wp\/v2\/posts\/6115\/revisions"}],"predecessor-version":[{"id":6120,"href":"https:\/\/agora.xtec.cat\/ceip-ignasiiglesias-cornella\/wp-json\/wp\/v2\/posts\/6115\/revisions\/6120"}],"wp:featuredmedia":[{"embeddable":true,"href":"https:\/\/agora.xtec.cat\/ceip-ignasiiglesias-cornella\/wp-json\/wp\/v2\/media\/5182"}],"wp:attachment":[{"href":"https:\/\/agora.xtec.cat\/ceip-ignasiiglesias-cornella\/wp-json\/wp\/v2\/media?parent=6115"}],"wp:term":[{"taxonomy":"category","embeddable":true,"href":"https:\/\/agora.xtec.cat\/ceip-ignasiiglesias-cornella\/wp-json\/wp\/v2\/categories?post=6115"},{"taxonomy":"post_tag","embeddable":true,"href":"https:\/\/agora.xtec.cat\/ceip-ignasiiglesias-cornella\/wp-json\/wp\/v2\/tags?post=6115"}],"curies":[{"name":"wp","href":"https:\/\/api.w.org\/{rel}","templated":true}]}}