{"id":6019,"date":"2021-12-22T10:10:01","date_gmt":"2021-12-22T09:10:01","guid":{"rendered":"https:\/\/agora.xtec.cat\/ceip-ignasiiglesias-cornella\/?p=6019"},"modified":"2021-12-22T10:10:01","modified_gmt":"2021-12-22T09:10:01","slug":"concert-dhivern-21-bones-festes","status":"publish","type":"post","link":"https:\/\/agora.xtec.cat\/ceip-ignasiiglesias-cornella\/infantil\/p3\/concert-dhivern-21-bones-festes\/","title":{"rendered":"Concert d&#8217;hivern &#8217;21 &#8211; Bones Festes!"},"content":{"rendered":"<p>Benvolgudes fam\u00edlies,<\/p>\n<p>Finalitza el primer trimestre d\u2019aquest curs i, malgrat les circumst\u00e0ncies, els nens i nenes de la nostra escola continuen adaptant-se amb \u00e8xit a aquesta \u201cnova realitat\u201d.<\/p>\n<p>Els felicitem, un cop m\u00e9s per la seva capacitat d\u2019adaptaci\u00f3 i per posar-nos m\u00e9s f\u00e0cil all\u00f2 que semblava tan dif\u00edcil.<\/p>\n<p>Volem donar-vos les gr\u00e0cies tamb\u00e9 a\u00a0 les fam\u00edlies per la vostra col\u00b7laboraci\u00f3 en\u00a0 respectar l\u2019organitzaci\u00f3 i les mesures necess\u00e0ries per afavorir el bon funcionament en el dia a dia a l\u2019escola.<\/p>\n<p>Ens acomiadament fins el 10 de gener amb el <a href=\"https:\/\/agora.xtec.cat\/ceip-ignasiiglesias-cornella\/galeria-de-fotos-curs-2021-2022\/\">concert de Nadal<\/a> que vam poder gaudir junts i amb els v\u00eddeos dels assaigs ja que alguns grups no van poder realitzar el concert que tan b\u00e9 s&#8217;havien preparat.<\/p>\n<p>Bones vacances i cuideu-vos molt!!<\/p>\n<p>Escola Ignasi Iglesias<\/p>\n","protected":false},"excerpt":{"rendered":"<p>Benvolgudes fam\u00edlies,<br \/>\nFinalitza el primer trimestre d\u2019aquest curs i, malgrat les circumst\u00e0ncies, els nens i nenes de la nostra escola continuen adaptant-se amb \u00e8xit a aquesta \u201cnova realitat\u201d.<br \/>\nEls felicitem, un cop m\u00e9s per la seva capacitat d\u2019adaptaci\u00f3 i per posar-nos m\u00e9s f\u00e0cil all\u00f2 que semblava tan&hellip;  <a href=\"https:\/\/agora.xtec.cat\/ceip-ignasiiglesias-cornella\/infantil\/p3\/concert-dhivern-21-bones-festes\/\" title=\"Read Concert d&#8217;hivern &#8217;21 &#8211; Bones Festes!\">Llegeix m\u00e9s\u00bb<\/a><\/p>\n","protected":false},"author":4,"featured_media":6020,"comment_status":"open","ping_status":"closed","sticky":false,"template":"","format":"standard","meta":{"_bbp_topic_count":0,"_bbp_reply_count":0,"_bbp_total_topic_count":0,"_bbp_total_reply_count":0,"_bbp_voice_count":0,"_bbp_anonymous_reply_count":0,"_bbp_topic_count_hidden":0,"_bbp_reply_count_hidden":0,"_bbp_forum_subforum_count":0,"footnotes":""},"categories":[10,12,14,74,72,3,8,9,4],"tags":[197,200,132],"class_list":["post-6019","post","type-post","status-publish","format-standard","has-post-thumbnail","hentry","category-cicle-inicial","category-cicle-mitja","category-cicle-superior","category-festes","category-musica","category-p3","category-p4","category-p5","category-portada","tag-concert","tag-hivern","tag-nadal"],"post_mailing_queue_ids":[],"_links":{"self":[{"href":"https:\/\/agora.xtec.cat\/ceip-ignasiiglesias-cornella\/wp-json\/wp\/v2\/posts\/6019","targetHints":{"allow":["GET"]}}],"collection":[{"href":"https:\/\/agora.xtec.cat\/ceip-ignasiiglesias-cornella\/wp-json\/wp\/v2\/posts"}],"about":[{"href":"https:\/\/agora.xtec.cat\/ceip-ignasiiglesias-cornella\/wp-json\/wp\/v2\/types\/post"}],"author":[{"embeddable":true,"href":"https:\/\/agora.xtec.cat\/ceip-ignasiiglesias-cornella\/wp-json\/wp\/v2\/users\/4"}],"replies":[{"embeddable":true,"href":"https:\/\/agora.xtec.cat\/ceip-ignasiiglesias-cornella\/wp-json\/wp\/v2\/comments?post=6019"}],"version-history":[{"count":2,"href":"https:\/\/agora.xtec.cat\/ceip-ignasiiglesias-cornella\/wp-json\/wp\/v2\/posts\/6019\/revisions"}],"predecessor-version":[{"id":6027,"href":"https:\/\/agora.xtec.cat\/ceip-ignasiiglesias-cornella\/wp-json\/wp\/v2\/posts\/6019\/revisions\/6027"}],"wp:featuredmedia":[{"embeddable":true,"href":"https:\/\/agora.xtec.cat\/ceip-ignasiiglesias-cornella\/wp-json\/wp\/v2\/media\/6020"}],"wp:attachment":[{"href":"https:\/\/agora.xtec.cat\/ceip-ignasiiglesias-cornella\/wp-json\/wp\/v2\/media?parent=6019"}],"wp:term":[{"taxonomy":"category","embeddable":true,"href":"https:\/\/agora.xtec.cat\/ceip-ignasiiglesias-cornella\/wp-json\/wp\/v2\/categories?post=6019"},{"taxonomy":"post_tag","embeddable":true,"href":"https:\/\/agora.xtec.cat\/ceip-ignasiiglesias-cornella\/wp-json\/wp\/v2\/tags?post=6019"}],"curies":[{"name":"wp","href":"https:\/\/api.w.org\/{rel}","templated":true}]}}