{"id":6012,"date":"2021-12-01T12:13:15","date_gmt":"2021-12-01T11:13:15","guid":{"rendered":"https:\/\/agora.xtec.cat\/ceip-ignasiiglesias-cornella\/?p=6012"},"modified":"2021-12-02T12:59:53","modified_gmt":"2021-12-02T11:59:53","slug":"english-podcast","status":"publish","type":"post","link":"https:\/\/agora.xtec.cat\/ceip-ignasiiglesias-cornella\/general\/english-podcast\/","title":{"rendered":"English Podcast"},"content":{"rendered":"<p><a href=\"https:\/\/agora.xtec.cat\/ceip-ignasiiglesias-cornella\/wp-content\/uploads\/usu1592\/2021\/12\/1638356966250-scaled.jpg\"><img loading=\"lazy\" decoding=\"async\" class=\"alignnone size-large wp-image-6013\" src=\"https:\/\/agora.xtec.cat\/ceip-ignasiiglesias-cornella\/wp-content\/uploads\/usu1592\/2021\/12\/1638356966250-1024x508.jpg\" alt=\"\" width=\"1024\" height=\"508\" srcset=\"https:\/\/agora.xtec.cat\/ceip-ignasiiglesias-cornella\/wp-content\/uploads\/usu1592\/2021\/12\/1638356966250-1024x508.jpg 1024w, https:\/\/agora.xtec.cat\/ceip-ignasiiglesias-cornella\/wp-content\/uploads\/usu1592\/2021\/12\/1638356966250-300x149.jpg 300w, https:\/\/agora.xtec.cat\/ceip-ignasiiglesias-cornella\/wp-content\/uploads\/usu1592\/2021\/12\/1638356966250-768x381.jpg 768w, https:\/\/agora.xtec.cat\/ceip-ignasiiglesias-cornella\/wp-content\/uploads\/usu1592\/2021\/12\/1638356966250-1536x762.jpg 1536w, https:\/\/agora.xtec.cat\/ceip-ignasiiglesias-cornella\/wp-content\/uploads\/usu1592\/2021\/12\/1638356966250-2048x1017.jpg 2048w\" sizes=\"auto, (max-width: 1024px) 100vw, 1024px\" \/><\/a><\/p>\n<p>Aquest divendres 3 de desembre comen\u00e7arem a reproduir els podcasts que els alumnes de Cicle Superior han realitzat en Angl\u00e8s.<\/p>\n<p>Es tracta d&#8217;un projecte on els alumnes treballaran la llengua anglesa amb una finalitat, i aquesta \u00e9s la de comunicar-se amb tota l&#8217;escola en angl\u00e8s. Entenem que la llengua s&#8217;ha d&#8217;aprendre per poder fer-ne \u00fas i aix\u00ed perdre la vergonya a comunicar-se amb una llengua que no dominem.<\/p>\n<p>Els podcasts s\u00f3n reculls de not\u00edcies que els alumnes s&#8217;encarreguen de buscar, ja sigui en \u00e0mbit escolar com local.<\/p>\n<p>Els alumnes dins dels seus grups adquireixen un rol diferent i cada un d&#8217;aquests es important per aconseguir el producte final que \u00e9s la gravaci\u00f3 i reproducci\u00f3 del podcast.<\/p>\n<p>Esperem que us agradin aquests podcasts.<\/p>\n<p>Qualsevol comentari que ens ajudi a millorar, estem oberts a llegir. \u00c9s la primera vegada que es fa una activitat aix\u00ed i el marge de millora \u00e9s molt gran.<\/p>\n<p>Aqu\u00ed trobareu l&#8217;enlla\u00e7 per poder escoltar els diferents episodis que anem enregistrant: <a href=\"https:\/\/www.ivoox.com\/podcast-escola-ignasi-iglesias-podcasts_sq_f11409919_1.html\" target=\"_blank\" rel=\"noopener\">English Podcast<\/a><\/p>\n<p>Molt\u00edssimes gr\u00e0cies!<\/p>\n","protected":false},"excerpt":{"rendered":"<p><a href=\"https:\/\/agora.xtec.cat\/ceip-ignasiiglesias-cornella\/wp-content\/uploads\/usu1592\/2021\/12\/1638356966250-scaled.jpg\"><\/a><br \/>\nAquest divendres 3 de desembre comen\u00e7arem a reproduir els podcasts que els alumnes de Cicle Superior han realitzat en Angl\u00e8s.<br \/>\nEs tracta d&#8217;un projecte on els alumnes treballaran la llengua anglesa amb una finalitat, i aquesta \u00e9s la de comunicar-se amb tota l&#8217;escola en angl\u00e8s.&hellip;  <a href=\"https:\/\/agora.xtec.cat\/ceip-ignasiiglesias-cornella\/general\/english-podcast\/\" title=\"Read English Podcast\">Llegeix m\u00e9s\u00bb<\/a><\/p>\n","protected":false},"author":4,"featured_media":6013,"comment_status":"open","ping_status":"closed","sticky":false,"template":"","format":"standard","meta":{"_bbp_topic_count":0,"_bbp_reply_count":0,"_bbp_total_topic_count":0,"_bbp_total_reply_count":0,"_bbp_voice_count":0,"_bbp_anonymous_reply_count":0,"_bbp_topic_count_hidden":0,"_bbp_reply_count_hidden":0,"_bbp_forum_subforum_count":0,"footnotes":""},"categories":[82,14,1,4,5],"tags":[725,908,906,907],"class_list":["post-6012","post","type-post","status-publish","format-standard","has-post-thumbnail","hentry","category-angles","category-cicle-superior","category-general","category-portada","category-primaria","tag-english","tag-noticies","tag-podcast","tag-radio"],"post_mailing_queue_ids":[],"_links":{"self":[{"href":"https:\/\/agora.xtec.cat\/ceip-ignasiiglesias-cornella\/wp-json\/wp\/v2\/posts\/6012","targetHints":{"allow":["GET"]}}],"collection":[{"href":"https:\/\/agora.xtec.cat\/ceip-ignasiiglesias-cornella\/wp-json\/wp\/v2\/posts"}],"about":[{"href":"https:\/\/agora.xtec.cat\/ceip-ignasiiglesias-cornella\/wp-json\/wp\/v2\/types\/post"}],"author":[{"embeddable":true,"href":"https:\/\/agora.xtec.cat\/ceip-ignasiiglesias-cornella\/wp-json\/wp\/v2\/users\/4"}],"replies":[{"embeddable":true,"href":"https:\/\/agora.xtec.cat\/ceip-ignasiiglesias-cornella\/wp-json\/wp\/v2\/comments?post=6012"}],"version-history":[{"count":2,"href":"https:\/\/agora.xtec.cat\/ceip-ignasiiglesias-cornella\/wp-json\/wp\/v2\/posts\/6012\/revisions"}],"predecessor-version":[{"id":6015,"href":"https:\/\/agora.xtec.cat\/ceip-ignasiiglesias-cornella\/wp-json\/wp\/v2\/posts\/6012\/revisions\/6015"}],"wp:featuredmedia":[{"embeddable":true,"href":"https:\/\/agora.xtec.cat\/ceip-ignasiiglesias-cornella\/wp-json\/wp\/v2\/media\/6013"}],"wp:attachment":[{"href":"https:\/\/agora.xtec.cat\/ceip-ignasiiglesias-cornella\/wp-json\/wp\/v2\/media?parent=6012"}],"wp:term":[{"taxonomy":"category","embeddable":true,"href":"https:\/\/agora.xtec.cat\/ceip-ignasiiglesias-cornella\/wp-json\/wp\/v2\/categories?post=6012"},{"taxonomy":"post_tag","embeddable":true,"href":"https:\/\/agora.xtec.cat\/ceip-ignasiiglesias-cornella\/wp-json\/wp\/v2\/tags?post=6012"}],"curies":[{"name":"wp","href":"https:\/\/api.w.org\/{rel}","templated":true}]}}