{"id":5986,"date":"2021-11-23T19:14:27","date_gmt":"2021-11-23T18:14:27","guid":{"rendered":"https:\/\/agora.xtec.cat\/ceip-ignasiiglesias-cornella\/?p=5986"},"modified":"2021-11-23T19:14:42","modified_gmt":"2021-11-23T18:14:42","slug":"6e-dia-internacional-de-la-infancia","status":"publish","type":"post","link":"https:\/\/agora.xtec.cat\/ceip-ignasiiglesias-cornella\/primaria\/cicle-superior\/6e-dia-internacional-de-la-infancia\/","title":{"rendered":"6\u00e8. Dia Internacional de la Inf\u00e0ncia"},"content":{"rendered":"<p><span style=\"font-weight: 400;\">Com sabeu, el passat 20 de novembre es va celebrar el Dia Internacional de la Inf\u00e0ncia, convenci\u00f3 adoptada per part de les Nacions Unides l\u2019any 1989.<\/span><\/p>\n<p><span style=\"font-weight: 400;\">Des del Consell d\u2019Infants de Cornell\u00e0, \u00f2rgan de participaci\u00f3 infantil de la ciutat, ens vam adherir a participar en una de les propostes d\u2019UNICEF relacionada amb la sostenibilitat i el medi ambient.\u00a0<\/span><\/p>\n<p><span style=\"font-weight: 400;\">Tenint en compte la tem\u00e0tica de \u201cla cura i el respecte pel medi ambient per tal que totes les persones puguem gaudir d\u2019una vida sana i sostenible\u201d, els infants de sis\u00e8, vam elaborar una s\u00e8rie de manualitats amb material reciclat que van anar portant al llarg de la setmana. Es tracta d\u2019unes maquetes i uns nius que hem aprofitat per fer una exposici\u00f3 al vest\u00edbul de l\u2019escola amb la finalitat de compartir-ho i fer-ho extensiu a tot l\u2019alumnat.\u00a0 M\u00e9s endavant, aprofitarem aquests nius i els penjarem als arbres del pati.<\/span><\/p>\n<p><span style=\"font-weight: 400;\">Paral\u00b7lelament, des de l&#8217;\u00e0rea d\u2019educaci\u00f3 en valors, tot el cicle estem elaborant unes fulles amb diferents compromisos per tal de contribuir i millorar el medi ambient.\u00a0<\/span><\/p>\n<p>Entreu a la <a href=\"https:\/\/agora.xtec.cat\/ceip-ignasiiglesias-cornella\/cicle-superior-2021-2022\/\">GALERIA<\/a> d&#8217; imatges i podreu veure les fotos de les maquetes.<\/p>\n","protected":false},"excerpt":{"rendered":"<p>Com sabeu, el passat 20 de novembre es va celebrar el Dia Internacional de la Inf\u00e0ncia, convenci\u00f3 adoptada per part de les Nacions Unides l\u2019any 1989. Des del Consell d\u2019Infants de Cornell\u00e0, \u00f2rgan de participaci\u00f3 infantil de la ciutat, ens vam adherir a participar en una de les propostes d\u2019UNICEF relacionada amb la sostenibilitat i [&hellip;]<\/p>\n","protected":false},"author":4,"featured_media":5987,"comment_status":"open","ping_status":"closed","sticky":false,"template":"","format":"standard","meta":{"_bbp_topic_count":0,"_bbp_reply_count":0,"_bbp_total_topic_count":0,"_bbp_total_reply_count":0,"_bbp_voice_count":0,"_bbp_anonymous_reply_count":0,"_bbp_topic_count_hidden":0,"_bbp_reply_count_hidden":0,"_bbp_forum_subforum_count":0,"site-sidebar-layout":"default","site-content-layout":"","ast-site-content-layout":"","site-content-style":"default","site-sidebar-style":"default","ast-global-header-display":"","ast-banner-title-visibility":"","ast-main-header-display":"","ast-hfb-above-header-display":"","ast-hfb-below-header-display":"","ast-hfb-mobile-header-display":"","site-post-title":"","ast-breadcrumbs-content":"","ast-featured-img":"","footer-sml-layout":"","theme-transparent-header-meta":"","adv-header-id-meta":"","stick-header-meta":"","header-above-stick-meta":"","header-main-stick-meta":"","header-below-stick-meta":"","astra-migrate-meta-layouts":"default","ast-page-background-enabled":"default","ast-page-background-meta":{"desktop":{"background-color":"var(--ast-global-color-5)","background-image":"","background-repeat":"repeat","background-position":"center center","background-size":"auto","background-attachment":"scroll","background-type":"","background-media":"","overlay-type":"","overlay-color":"","overlay-opacity":"","overlay-gradient":""},"tablet":{"background-color":"","background-image":"","background-repeat":"repeat","background-position":"center center","background-size":"auto","background-attachment":"scroll","background-type":"","background-media":"","overlay-type":"","overlay-color":"","overlay-opacity":"","overlay-gradient":""},"mobile":{"background-color":"","background-image":"","background-repeat":"repeat","background-position":"center center","background-size":"auto","background-attachment":"scroll","background-type":"","background-media":"","overlay-type":"","overlay-color":"","overlay-opacity":"","overlay-gradient":""}},"ast-content-background-meta":{"desktop":{"background-color":"var(--ast-global-color-4)","background-image":"","background-repeat":"repeat","background-position":"center center","background-size":"auto","background-attachment":"scroll","background-type":"","background-media":"","overlay-type":"","overlay-color":"","overlay-opacity":"","overlay-gradient":""},"tablet":{"background-color":"var(--ast-global-color-4)","background-image":"","background-repeat":"repeat","background-position":"center center","background-size":"auto","background-attachment":"scroll","background-type":"","background-media":"","overlay-type":"","overlay-color":"","overlay-opacity":"","overlay-gradient":""},"mobile":{"background-color":"var(--ast-global-color-4)","background-image":"","background-repeat":"repeat","background-position":"center center","background-size":"auto","background-attachment":"scroll","background-type":"","background-media":"","overlay-type":"","overlay-color":"","overlay-opacity":"","overlay-gradient":""}},"footnotes":""},"categories":[14],"tags":[291,167,903],"class_list":["post-5986","post","type-post","status-publish","format-standard","has-post-thumbnail","hentry","category-cicle-superior","tag-6e","tag-drets","tag-infancia"],"post_mailing_queue_ids":[],"_links":{"self":[{"href":"https:\/\/agora.xtec.cat\/ceip-ignasiiglesias-cornella\/wp-json\/wp\/v2\/posts\/5986","targetHints":{"allow":["GET"]}}],"collection":[{"href":"https:\/\/agora.xtec.cat\/ceip-ignasiiglesias-cornella\/wp-json\/wp\/v2\/posts"}],"about":[{"href":"https:\/\/agora.xtec.cat\/ceip-ignasiiglesias-cornella\/wp-json\/wp\/v2\/types\/post"}],"author":[{"embeddable":true,"href":"https:\/\/agora.xtec.cat\/ceip-ignasiiglesias-cornella\/wp-json\/wp\/v2\/users\/4"}],"replies":[{"embeddable":true,"href":"https:\/\/agora.xtec.cat\/ceip-ignasiiglesias-cornella\/wp-json\/wp\/v2\/comments?post=5986"}],"version-history":[{"count":1,"href":"https:\/\/agora.xtec.cat\/ceip-ignasiiglesias-cornella\/wp-json\/wp\/v2\/posts\/5986\/revisions"}],"predecessor-version":[{"id":5988,"href":"https:\/\/agora.xtec.cat\/ceip-ignasiiglesias-cornella\/wp-json\/wp\/v2\/posts\/5986\/revisions\/5988"}],"wp:featuredmedia":[{"embeddable":true,"href":"https:\/\/agora.xtec.cat\/ceip-ignasiiglesias-cornella\/wp-json\/wp\/v2\/media\/5987"}],"wp:attachment":[{"href":"https:\/\/agora.xtec.cat\/ceip-ignasiiglesias-cornella\/wp-json\/wp\/v2\/media?parent=5986"}],"wp:term":[{"taxonomy":"category","embeddable":true,"href":"https:\/\/agora.xtec.cat\/ceip-ignasiiglesias-cornella\/wp-json\/wp\/v2\/categories?post=5986"},{"taxonomy":"post_tag","embeddable":true,"href":"https:\/\/agora.xtec.cat\/ceip-ignasiiglesias-cornella\/wp-json\/wp\/v2\/tags?post=5986"}],"curies":[{"name":"wp","href":"https:\/\/api.w.org\/{rel}","templated":true}]}}