{"id":5973,"date":"2021-11-23T18:59:09","date_gmt":"2021-11-23T17:59:09","guid":{"rendered":"https:\/\/agora.xtec.cat\/ceip-ignasiiglesias-cornella\/?p=5973"},"modified":"2021-11-23T19:00:01","modified_gmt":"2021-11-23T18:00:01","slug":"20n-dia-universal-dels-drets-dels-infants","status":"publish","type":"post","link":"https:\/\/agora.xtec.cat\/ceip-ignasiiglesias-cornella\/infantil\/p3\/20n-dia-universal-dels-drets-dels-infants\/","title":{"rendered":"20N. Dia Universal dels Drets dels Infants"},"content":{"rendered":"<p>El 20 de novembre es celebra la commemoraci\u00f3 de la Convenci\u00f3 dels Drets de l\u2019Infant.<\/p>\n<p>A l&#8217;escola hem realitzat un seguit d&#8217;activitats durant tota la setmana, prenent com a punt de partida la proposta que va arribar a l&#8217;escola mitjan\u00e7ant\u00a0 les nostres representants de 6\u00e8 del Consell d\u2019Infants de Cornell\u00e0, \u00f2rgan de participaci\u00f3 infantil de la ciutat.<\/p>\n<p>Les propostes d&#8217;enguany estaven relacionades amb el desenvolupament sostenible vinculat al medi ambient, ja que els nens i les nenes tenen dret a viure en un medi ambient saludable i no contaminat.<\/p>\n<p>Cliqueu la imatge i veureu les activitats que s&#8217; han dut a terme al centre.<\/p>\n<p><a href=\"https:\/\/photos.app.goo.gl\/sLxxZ4o1sbaHFrjm6\"><img loading=\"lazy\" decoding=\"async\" class=\"aligncenter wp-image-5023 size-medium\" src=\"https:\/\/agora.xtec.cat\/ceip-ignasiiglesias-cornella\/wp-content\/uploads\/usu1592\/2020\/11\/DRETS-DELS-INFANTS-300x169.jpg\" alt=\"\" width=\"300\" height=\"169\" srcset=\"https:\/\/agora.xtec.cat\/ceip-ignasiiglesias-cornella\/wp-content\/uploads\/usu1592\/2020\/11\/DRETS-DELS-INFANTS-300x169.jpg 300w, https:\/\/agora.xtec.cat\/ceip-ignasiiglesias-cornella\/wp-content\/uploads\/usu1592\/2020\/11\/DRETS-DELS-INFANTS-768x432.jpg 768w, https:\/\/agora.xtec.cat\/ceip-ignasiiglesias-cornella\/wp-content\/uploads\/usu1592\/2020\/11\/DRETS-DELS-INFANTS.jpg 1024w\" sizes=\"auto, (max-width: 300px) 100vw, 300px\" \/><\/a><\/p>\n","protected":false},"excerpt":{"rendered":"<p>El 20 de novembre es celebra la commemoraci\u00f3 de la Convenci\u00f3 dels Drets de l\u2019Infant.<br \/>\nA l&#8217;escola hem realitzat un seguit d&#8217;activitats durant tota la setmana, prenent com a punt de partida la proposta que va arribar a l&#8217;escola mitjan\u00e7ant\u00a0 les nostres representants de 6\u00e8 del&hellip;  <a href=\"https:\/\/agora.xtec.cat\/ceip-ignasiiglesias-cornella\/infantil\/p3\/20n-dia-universal-dels-drets-dels-infants\/\" title=\"Read 20N. Dia Universal dels Drets dels Infants\">Llegeix m\u00e9s\u00bb<\/a><\/p>\n","protected":false},"author":4,"featured_media":5023,"comment_status":"open","ping_status":"closed","sticky":false,"template":"","format":"standard","meta":{"_bbp_topic_count":0,"_bbp_reply_count":0,"_bbp_total_topic_count":0,"_bbp_total_reply_count":0,"_bbp_voice_count":0,"_bbp_anonymous_reply_count":0,"_bbp_topic_count_hidden":0,"_bbp_reply_count_hidden":0,"_bbp_forum_subforum_count":0,"footnotes":""},"categories":[10,12,14,3,8,9,4],"tags":[167,168],"class_list":["post-5973","post","type-post","status-publish","format-standard","has-post-thumbnail","hentry","category-cicle-inicial","category-cicle-mitja","category-cicle-superior","category-p3","category-p4","category-p5","category-portada","tag-drets","tag-infants"],"post_mailing_queue_ids":[],"_links":{"self":[{"href":"https:\/\/agora.xtec.cat\/ceip-ignasiiglesias-cornella\/wp-json\/wp\/v2\/posts\/5973","targetHints":{"allow":["GET"]}}],"collection":[{"href":"https:\/\/agora.xtec.cat\/ceip-ignasiiglesias-cornella\/wp-json\/wp\/v2\/posts"}],"about":[{"href":"https:\/\/agora.xtec.cat\/ceip-ignasiiglesias-cornella\/wp-json\/wp\/v2\/types\/post"}],"author":[{"embeddable":true,"href":"https:\/\/agora.xtec.cat\/ceip-ignasiiglesias-cornella\/wp-json\/wp\/v2\/users\/4"}],"replies":[{"embeddable":true,"href":"https:\/\/agora.xtec.cat\/ceip-ignasiiglesias-cornella\/wp-json\/wp\/v2\/comments?post=5973"}],"version-history":[{"count":3,"href":"https:\/\/agora.xtec.cat\/ceip-ignasiiglesias-cornella\/wp-json\/wp\/v2\/posts\/5973\/revisions"}],"predecessor-version":[{"id":5985,"href":"https:\/\/agora.xtec.cat\/ceip-ignasiiglesias-cornella\/wp-json\/wp\/v2\/posts\/5973\/revisions\/5985"}],"wp:featuredmedia":[{"embeddable":true,"href":"https:\/\/agora.xtec.cat\/ceip-ignasiiglesias-cornella\/wp-json\/wp\/v2\/media\/5023"}],"wp:attachment":[{"href":"https:\/\/agora.xtec.cat\/ceip-ignasiiglesias-cornella\/wp-json\/wp\/v2\/media?parent=5973"}],"wp:term":[{"taxonomy":"category","embeddable":true,"href":"https:\/\/agora.xtec.cat\/ceip-ignasiiglesias-cornella\/wp-json\/wp\/v2\/categories?post=5973"},{"taxonomy":"post_tag","embeddable":true,"href":"https:\/\/agora.xtec.cat\/ceip-ignasiiglesias-cornella\/wp-json\/wp\/v2\/tags?post=5973"}],"curies":[{"name":"wp","href":"https:\/\/api.w.org\/{rel}","templated":true}]}}