{"id":5895,"date":"2021-11-10T13:09:57","date_gmt":"2021-11-10T12:09:57","guid":{"rendered":"https:\/\/agora.xtec.cat\/ceip-ignasiiglesias-cornella\/?p=5895"},"modified":"2021-11-10T13:10:32","modified_gmt":"2021-11-10T12:10:32","slug":"2n-sortida-la-verema","status":"publish","type":"post","link":"https:\/\/agora.xtec.cat\/ceip-ignasiiglesias-cornella\/general\/2n-sortida-la-verema\/","title":{"rendered":"2n Sortida &#8220;La Verema&#8221;"},"content":{"rendered":"<p>Els nens i les nenes de 2n, el dia 26 d\u2019octubre, van fer la primera excursi\u00f3 del curs gaudint d\u2019un dia ple d\u2019activitats on van ser els aut\u00e8ntics protagonistes del proc\u00e9s.<\/p>\n<p>Es van adonar que recollir el ra\u00efm \u00e9s una tasca que requereix de molts passos importants. Anar a buscar el ra\u00efm al cep i posar-ho en un cubell. Separar la branqueta (rapa) dels fruits. Aixafar amb els peus, aix\u00f2 si, ben nets per tal de no embrutar r\u00e9s, i per acabar premsar per treure el suc que surt del ra\u00efm.<\/p>\n<p>I aix\u00f2 no va \u00e9sser tot! Tamb\u00e9 van poder tastar el gust tant bo que t\u00e9 el most i com \u00e9s el proc\u00e9s d\u2019embotellament. Aquest most dol\u00e7, amb el pas del temps \u00e9s pot convertir en vinagre, vi o cava. Es van endur una mica en una ampolla per tenir-ho a la nostre aula. Despr\u00e9s d\u2019un mes podran observar en qu\u00e8 s\u2019ha transformat\u2026.<\/p>\n<p>I aix\u00f2 tampoc va \u00e9sser tot! Van dinar en unes taules llargues en mig d\u2019un bosc molt bonic, van tenir una estona on poder jugar amb rodes de cami\u00f3, troncs, pedres molt grans\u2026 una abra\u00e7ada de natura or agafar aire net i purificar els pulmons.<\/p>\n<p>I tamb\u00e9 van fer nous amics\u2026 unes gallines molt simp\u00e0tiques que els van saludar, unes oques una mica enfadades que protestaven al veure tant d\u2019enrenou,\u00a0 unes cabretes que van jugar amb ells i fins i tot els hi va donar de menjar fulles, uns ponis molt divertits, un c\u00e9rvol que es va deixar tocar\u2026 un dia ple de moments inoblidables que de ben segur recordaran.<\/p>\n<p>Gaudir de la natura en companyia d\u2019amics \u00e9s sempre una bona opci\u00f3.<\/p>\n<p>Si cliqueu la imatge podreu veure que b\u00e9 que ens ho vam passar!!<\/p>\n<p><a href=\"https:\/\/agora.xtec.cat\/ceip-ignasiiglesias-cornella\/galeria-de-fotos-curs-2021-2022\/\"><img loading=\"lazy\" decoding=\"async\" class=\"wp-image-5937 aligncenter\" src=\"https:\/\/agora.xtec.cat\/ceip-ignasiiglesias-cornella\/wp-content\/uploads\/usu1592\/2021\/10\/WhatsApp-Image-2021-11-10-at-13.04.42-1024x680.jpeg\" alt=\"\" width=\"707\" height=\"469\" srcset=\"https:\/\/agora.xtec.cat\/ceip-ignasiiglesias-cornella\/wp-content\/uploads\/usu1592\/2021\/10\/WhatsApp-Image-2021-11-10-at-13.04.42-1024x680.jpeg 1024w, https:\/\/agora.xtec.cat\/ceip-ignasiiglesias-cornella\/wp-content\/uploads\/usu1592\/2021\/10\/WhatsApp-Image-2021-11-10-at-13.04.42-300x199.jpeg 300w, https:\/\/agora.xtec.cat\/ceip-ignasiiglesias-cornella\/wp-content\/uploads\/usu1592\/2021\/10\/WhatsApp-Image-2021-11-10-at-13.04.42-768x510.jpeg 768w, https:\/\/agora.xtec.cat\/ceip-ignasiiglesias-cornella\/wp-content\/uploads\/usu1592\/2021\/10\/WhatsApp-Image-2021-11-10-at-13.04.42.jpeg 1080w\" sizes=\"auto, (max-width: 707px) 100vw, 707px\" \/><\/a><\/p>\n<p>&nbsp;<\/p>\n<p>&nbsp;<\/p>\n<p>&nbsp;<\/p>\n<p>&nbsp;<\/p>\n<p>&nbsp;<\/p>\n","protected":false},"excerpt":{"rendered":"<p>Els nens i les nenes de 2n, el dia 26 d\u2019octubre, van fer la primera excursi\u00f3 del curs gaudint d\u2019un dia ple d\u2019activitats on van ser els aut\u00e8ntics protagonistes del proc\u00e9s.<br \/>\nEs van adonar que recollir el ra\u00efm \u00e9s una tasca que requereix de molts passos&hellip;  <a href=\"https:\/\/agora.xtec.cat\/ceip-ignasiiglesias-cornella\/general\/2n-sortida-la-verema\/\" title=\"Read 2n Sortida &#8220;La Verema&#8221;\">Llegeix m\u00e9s\u00bb<\/a><\/p>\n","protected":false},"author":1,"featured_media":5937,"comment_status":"closed","ping_status":"closed","sticky":false,"template":"","format":"standard","meta":{"_bbp_topic_count":0,"_bbp_reply_count":0,"_bbp_total_topic_count":0,"_bbp_total_reply_count":0,"_bbp_voice_count":0,"_bbp_anonymous_reply_count":0,"_bbp_topic_count_hidden":0,"_bbp_reply_count_hidden":0,"_bbp_forum_subforum_count":0,"footnotes":""},"categories":[864,10,1],"tags":[210,141,460],"class_list":["post-5895","post","type-post","status-publish","format-standard","has-post-thumbnail","hentry","category-2n","category-cicle-inicial","category-general","tag-2n","tag-sortida","tag-verema"],"post_mailing_queue_ids":[],"_links":{"self":[{"href":"https:\/\/agora.xtec.cat\/ceip-ignasiiglesias-cornella\/wp-json\/wp\/v2\/posts\/5895","targetHints":{"allow":["GET"]}}],"collection":[{"href":"https:\/\/agora.xtec.cat\/ceip-ignasiiglesias-cornella\/wp-json\/wp\/v2\/posts"}],"about":[{"href":"https:\/\/agora.xtec.cat\/ceip-ignasiiglesias-cornella\/wp-json\/wp\/v2\/types\/post"}],"author":[{"embeddable":true,"href":"https:\/\/agora.xtec.cat\/ceip-ignasiiglesias-cornella\/wp-json\/wp\/v2\/users\/1"}],"replies":[{"embeddable":true,"href":"https:\/\/agora.xtec.cat\/ceip-ignasiiglesias-cornella\/wp-json\/wp\/v2\/comments?post=5895"}],"version-history":[{"count":3,"href":"https:\/\/agora.xtec.cat\/ceip-ignasiiglesias-cornella\/wp-json\/wp\/v2\/posts\/5895\/revisions"}],"predecessor-version":[{"id":5941,"href":"https:\/\/agora.xtec.cat\/ceip-ignasiiglesias-cornella\/wp-json\/wp\/v2\/posts\/5895\/revisions\/5941"}],"wp:featuredmedia":[{"embeddable":true,"href":"https:\/\/agora.xtec.cat\/ceip-ignasiiglesias-cornella\/wp-json\/wp\/v2\/media\/5937"}],"wp:attachment":[{"href":"https:\/\/agora.xtec.cat\/ceip-ignasiiglesias-cornella\/wp-json\/wp\/v2\/media?parent=5895"}],"wp:term":[{"taxonomy":"category","embeddable":true,"href":"https:\/\/agora.xtec.cat\/ceip-ignasiiglesias-cornella\/wp-json\/wp\/v2\/categories?post=5895"},{"taxonomy":"post_tag","embeddable":true,"href":"https:\/\/agora.xtec.cat\/ceip-ignasiiglesias-cornella\/wp-json\/wp\/v2\/tags?post=5895"}],"curies":[{"name":"wp","href":"https:\/\/api.w.org\/{rel}","templated":true}]}}