{"id":5866,"date":"2021-10-06T09:43:06","date_gmt":"2021-10-06T07:43:06","guid":{"rendered":"https:\/\/agora.xtec.cat\/ceip-ignasiiglesias-cornella\/?p=5866"},"modified":"2021-10-18T18:23:04","modified_gmt":"2021-10-18T16:23:04","slug":"p5-sirenes-i-tritons-moments-daula","status":"publish","type":"post","link":"https:\/\/agora.xtec.cat\/ceip-ignasiiglesias-cornella\/general\/p5-sirenes-i-tritons-moments-daula\/","title":{"rendered":"P5 SIRENES I TRITONS MOMENTS D&#8217;AULA"},"content":{"rendered":"<p style=\"text-align: left;\">Comencem un nou curs i el final d&#8217;un trajecte amb noves conquestes, canvis constants, dubtes, inquietuds, creant vincles&#8230; cada dia descobrint un m\u00f3n nou en cada petit detall. Un m\u00f3n per totes les nenes i els nens, on tots s\u00f3n diferents i \u00fanics. Aquesta carpeta vol ser una finestra oberta, perqu\u00e8 puguem entrar en aquest petit m\u00f3n, que \u00e9s la nostra classe.<\/p>\n<p style=\"text-align: center;\"><strong>CLIQUEU A LA IMATGE I PODREU VEURE QUE B\u00c9 QUE ENS HO PASSEM!!<\/strong><\/p>\n<p style=\"text-align: center;\"><a href=\"https:\/\/agora.xtec.cat\/ceip-ignasiiglesias-cornella\/educacio-infantil-2021-2022\/\"><img loading=\"lazy\" decoding=\"async\" class=\"wp-image-5867 aligncenter\" src=\"https:\/\/agora.xtec.cat\/ceip-ignasiiglesias-cornella\/wp-content\/uploads\/usu1592\/2021\/10\/SIRENES-I-TRITONS.png\" alt=\"\" width=\"628\" height=\"462\" srcset=\"https:\/\/agora.xtec.cat\/ceip-ignasiiglesias-cornella\/wp-content\/uploads\/usu1592\/2021\/10\/SIRENES-I-TRITONS.png 720w, https:\/\/agora.xtec.cat\/ceip-ignasiiglesias-cornella\/wp-content\/uploads\/usu1592\/2021\/10\/SIRENES-I-TRITONS-300x221.png 300w\" sizes=\"auto, (max-width: 628px) 100vw, 628px\" \/><\/a><\/p>\n","protected":false},"excerpt":{"rendered":"<p>Comencem un nou curs i el final d&#8217;un trajecte amb noves conquestes, canvis constants, dubtes, inquietuds, creant vincles&#8230; cada dia descobrint un m\u00f3n nou en cada petit detall. Un m\u00f3n per totes les nenes i els nens, on tots s\u00f3n diferents i \u00fanics. Aquesta carpeta&hellip;  <a href=\"https:\/\/agora.xtec.cat\/ceip-ignasiiglesias-cornella\/general\/p5-sirenes-i-tritons-moments-daula\/\" title=\"Read P5 SIRENES I TRITONS MOMENTS D&#8217;AULA\">Llegeix m\u00e9s\u00bb<\/a><\/p>\n","protected":false},"author":1,"featured_media":5867,"comment_status":"closed","ping_status":"closed","sticky":false,"template":"","format":"standard","meta":{"_bbp_topic_count":0,"_bbp_reply_count":0,"_bbp_total_topic_count":0,"_bbp_total_reply_count":0,"_bbp_voice_count":0,"_bbp_anonymous_reply_count":0,"_bbp_topic_count_hidden":0,"_bbp_reply_count_hidden":0,"_bbp_forum_subforum_count":0,"footnotes":""},"categories":[1,2,9],"tags":[86,890],"class_list":["post-5866","post","type-post","status-publish","format-standard","has-post-thumbnail","hentry","category-general","category-infantil","category-p5","tag-p5","tag-sirenes-i-tritons"],"post_mailing_queue_ids":[],"_links":{"self":[{"href":"https:\/\/agora.xtec.cat\/ceip-ignasiiglesias-cornella\/wp-json\/wp\/v2\/posts\/5866","targetHints":{"allow":["GET"]}}],"collection":[{"href":"https:\/\/agora.xtec.cat\/ceip-ignasiiglesias-cornella\/wp-json\/wp\/v2\/posts"}],"about":[{"href":"https:\/\/agora.xtec.cat\/ceip-ignasiiglesias-cornella\/wp-json\/wp\/v2\/types\/post"}],"author":[{"embeddable":true,"href":"https:\/\/agora.xtec.cat\/ceip-ignasiiglesias-cornella\/wp-json\/wp\/v2\/users\/1"}],"replies":[{"embeddable":true,"href":"https:\/\/agora.xtec.cat\/ceip-ignasiiglesias-cornella\/wp-json\/wp\/v2\/comments?post=5866"}],"version-history":[{"count":3,"href":"https:\/\/agora.xtec.cat\/ceip-ignasiiglesias-cornella\/wp-json\/wp\/v2\/posts\/5866\/revisions"}],"predecessor-version":[{"id":5892,"href":"https:\/\/agora.xtec.cat\/ceip-ignasiiglesias-cornella\/wp-json\/wp\/v2\/posts\/5866\/revisions\/5892"}],"wp:featuredmedia":[{"embeddable":true,"href":"https:\/\/agora.xtec.cat\/ceip-ignasiiglesias-cornella\/wp-json\/wp\/v2\/media\/5867"}],"wp:attachment":[{"href":"https:\/\/agora.xtec.cat\/ceip-ignasiiglesias-cornella\/wp-json\/wp\/v2\/media?parent=5866"}],"wp:term":[{"taxonomy":"category","embeddable":true,"href":"https:\/\/agora.xtec.cat\/ceip-ignasiiglesias-cornella\/wp-json\/wp\/v2\/categories?post=5866"},{"taxonomy":"post_tag","embeddable":true,"href":"https:\/\/agora.xtec.cat\/ceip-ignasiiglesias-cornella\/wp-json\/wp\/v2\/tags?post=5866"}],"curies":[{"name":"wp","href":"https:\/\/api.w.org\/{rel}","templated":true}]}}