{"id":5763,"date":"2021-06-27T22:15:58","date_gmt":"2021-06-27T20:15:58","guid":{"rendered":"http:\/\/agora.xtec.cat\/ceip-ignasiiglesias-cornella\/?p=5763"},"modified":"2021-06-27T22:15:58","modified_gmt":"2021-06-27T20:15:58","slug":"bon-estiu","status":"publish","type":"post","link":"https:\/\/agora.xtec.cat\/ceip-ignasiiglesias-cornella\/general\/bon-estiu\/","title":{"rendered":"BON ESTIU!!"},"content":{"rendered":"<p>Benvolgudes fam\u00edlies,<\/p>\n<p>Volem compartir amb vosaltres els <a href=\"https:\/\/agora.xtec.cat\/ceip-ignasiiglesias-cornella\/galeria-de-fotos-curs-2020-2021\/\">balls de final de curs<\/a> dels nens i nenes de la nostra escola, tot desitjant que al curs 2021-22 puguem fer un tancament conjunt , com abans de la pand\u00e8mia.<\/p>\n<p>Posem fi a aquest curs tan at\u00edpic per\u00f2 que, malgrat les circumst\u00e0ncies, hem aconseguit tirar endavant tots plegats.<\/p>\n<p>Gr\u00e0cies un cop m\u00e9s per la vostra col\u00b7laboraci\u00f3 i recolzament.<\/p>\n<p style=\"text-align: left;\">L&#8217;equip hum\u00e0 de l&#8217;Ignasi us desitja un molt BON ESTIU!!<\/p>\n<p><iframe loading=\"lazy\" src=\"https:\/\/www.youtube.com\/embed\/JFJ6qdtQVEU\" width=\"560\" height=\"315\" frameborder=\"0\"><\/iframe><\/p>\n<p>&nbsp;<\/p>\n<p>&nbsp;<\/p>\n","protected":false},"excerpt":{"rendered":"<p>Benvolgudes fam\u00edlies,<br \/>\nVolem compartir amb vosaltres els <a href=\"https:\/\/agora.xtec.cat\/ceip-ignasiiglesias-cornella\/galeria-de-fotos-curs-2020-2021\/\">balls de final de curs<\/a> dels nens i nenes de la nostra escola, tot desitjant que al curs 2021-22 puguem fer un tancament conjunt , com abans de la pand\u00e8mia.<br \/>\nPosem fi a aquest curs tan at\u00edpic per\u00f2 que,&hellip;  <a href=\"https:\/\/agora.xtec.cat\/ceip-ignasiiglesias-cornella\/general\/bon-estiu\/\" title=\"Read BON ESTIU!!\">Llegeix m\u00e9s\u00bb<\/a><\/p>\n","protected":false},"author":19,"featured_media":5769,"comment_status":"open","ping_status":"closed","sticky":false,"template":"","format":"standard","meta":{"_bbp_topic_count":0,"_bbp_reply_count":0,"_bbp_total_topic_count":0,"_bbp_total_reply_count":0,"_bbp_voice_count":0,"_bbp_anonymous_reply_count":0,"_bbp_topic_count_hidden":0,"_bbp_reply_count_hidden":0,"_bbp_forum_subforum_count":0,"footnotes":""},"categories":[82,819,10,12,14,81,74,1,2,72,3,8,9,4,5],"tags":[883,246,638,639],"class_list":["post-5763","post","type-post","status-publish","format-standard","has-post-thumbnail","hentry","category-angles","category-biblioteca","category-cicle-inicial","category-cicle-mitja","category-cicle-superior","category-educacio-fisica","category-festes","category-general","category-infantil","category-musica","category-p3","category-p4","category-p5","category-portada","category-primaria","tag-balls","tag-danses","tag-fi-de-curs","tag-final-de-curs"],"post_mailing_queue_ids":[],"_links":{"self":[{"href":"https:\/\/agora.xtec.cat\/ceip-ignasiiglesias-cornella\/wp-json\/wp\/v2\/posts\/5763","targetHints":{"allow":["GET"]}}],"collection":[{"href":"https:\/\/agora.xtec.cat\/ceip-ignasiiglesias-cornella\/wp-json\/wp\/v2\/posts"}],"about":[{"href":"https:\/\/agora.xtec.cat\/ceip-ignasiiglesias-cornella\/wp-json\/wp\/v2\/types\/post"}],"author":[{"embeddable":true,"href":"https:\/\/agora.xtec.cat\/ceip-ignasiiglesias-cornella\/wp-json\/wp\/v2\/users\/19"}],"replies":[{"embeddable":true,"href":"https:\/\/agora.xtec.cat\/ceip-ignasiiglesias-cornella\/wp-json\/wp\/v2\/comments?post=5763"}],"version-history":[{"count":3,"href":"https:\/\/agora.xtec.cat\/ceip-ignasiiglesias-cornella\/wp-json\/wp\/v2\/posts\/5763\/revisions"}],"predecessor-version":[{"id":5768,"href":"https:\/\/agora.xtec.cat\/ceip-ignasiiglesias-cornella\/wp-json\/wp\/v2\/posts\/5763\/revisions\/5768"}],"wp:featuredmedia":[{"embeddable":true,"href":"https:\/\/agora.xtec.cat\/ceip-ignasiiglesias-cornella\/wp-json\/wp\/v2\/media\/5769"}],"wp:attachment":[{"href":"https:\/\/agora.xtec.cat\/ceip-ignasiiglesias-cornella\/wp-json\/wp\/v2\/media?parent=5763"}],"wp:term":[{"taxonomy":"category","embeddable":true,"href":"https:\/\/agora.xtec.cat\/ceip-ignasiiglesias-cornella\/wp-json\/wp\/v2\/categories?post=5763"},{"taxonomy":"post_tag","embeddable":true,"href":"https:\/\/agora.xtec.cat\/ceip-ignasiiglesias-cornella\/wp-json\/wp\/v2\/tags?post=5763"}],"curies":[{"name":"wp","href":"https:\/\/api.w.org\/{rel}","templated":true}]}}