{"id":5744,"date":"2021-06-23T19:19:57","date_gmt":"2021-06-23T17:19:57","guid":{"rendered":"http:\/\/agora.xtec.cat\/ceip-ignasiiglesias-cornella\/?p=5744"},"modified":"2021-06-23T19:19:57","modified_gmt":"2021-06-23T17:19:57","slug":"6e-deures-destiu","status":"publish","type":"post","link":"https:\/\/agora.xtec.cat\/ceip-ignasiiglesias-cornella\/portada\/6e-deures-destiu\/","title":{"rendered":"6\u00e8 DEURES D&#8217;ESTIU"},"content":{"rendered":"<p>Aqu\u00ed teniu la proposta de deures d&#8217;estiu per als infants de 6\u00e8 de tot Cornell\u00e0.<\/p>\n<p style=\"text-align: center;\">BONES VACANCES!<\/p>\n<p><img loading=\"lazy\" decoding=\"async\" class=\"aligncenter size-medium wp-image-3399\" src=\"https:\/\/agora.xtec.cat\/ceip-ignasiiglesias-cornella\/wp-content\/uploads\/usu1592\/2019\/06\/perro-en-vacaciones-300x169.jpg\" alt=\"\" width=\"300\" height=\"169\" srcset=\"https:\/\/agora.xtec.cat\/ceip-ignasiiglesias-cornella\/wp-content\/uploads\/usu1592\/2019\/06\/perro-en-vacaciones-300x169.jpg 300w, https:\/\/agora.xtec.cat\/ceip-ignasiiglesias-cornella\/wp-content\/uploads\/usu1592\/2019\/06\/perro-en-vacaciones.jpg 320w\" sizes=\"auto, (max-width: 300px) 100vw, 300px\" \/><\/p>\n<p style=\"text-align: center;\"><a href=\"https:\/\/drive.google.com\/file\/d\/11WI-QLEvVzNotH7AWdlUKLwbBTU7Oili\/view?usp=sharing\">PROPOSTA D&#8217;ACTIVITATS D&#8217;ESTIU 2021<\/a><\/p>\n<p style=\"text-align: center;\"><a href=\"https:\/\/drive.google.com\/file\/d\/1rhozKQyjEfDLwc1SzRqa87gNlPjGYJUB\/view?usp=sharing\">DEURES DE CATAL\u00c0 2021<\/a><\/p>\n<p style=\"text-align: center;\"><a href=\"https:\/\/drive.google.com\/file\/d\/1L-IHvgwppRitdqJlJKN2VStFxw4J3LMF\/view?usp=sharing\">DEURES DE CASTELL\u00c0 2021<\/a><\/p>\n<p style=\"text-align: center;\"><a href=\"https:\/\/drive.google.com\/file\/d\/18BeD0ZZeWF8KfmHLZxRlKDpzmqZBCwBK\/view?usp=sharing\">DEURES DE MATEM\u00c0TIQUES 2021<\/a><\/p>\n<p style=\"text-align: center;\"><a href=\"https:\/\/drive.google.com\/file\/d\/1NdruCqutEmP3a37ggTGmzFDljJecWFxG\/view?usp=sharing\">DEURES D&#8217; ANGL\u00c8S 2021<\/a><\/p>\n","protected":false},"excerpt":{"rendered":"<p>Aqu\u00ed teniu la proposta de deures d&#8217;estiu per als infants de 6\u00e8 de tot Cornell\u00e0.<br \/>\nBONES VACANCES!<\/p>\n<p><a href=\"https:\/\/drive.google.com\/file\/d\/11WI-QLEvVzNotH7AWdlUKLwbBTU7Oili\/view?usp=sharing\">PROPOSTA D&#8217;ACTIVITATS D&#8217;ESTIU 2021<\/a><br \/>\n<a href=\"https:\/\/drive.google.com\/file\/d\/1rhozKQyjEfDLwc1SzRqa87gNlPjGYJUB\/view?usp=sharing\">DEURES DE CATAL\u00c0 2021<\/a><br \/>\n<a href=\"https:\/\/drive.google.com\/file\/d\/1L-IHvgwppRitdqJlJKN2VStFxw4J3LMF\/view?usp=sharing\">DEURES DE CASTELL\u00c0 2021<\/a><br \/>\n<a href=\"https:\/\/drive.google.com\/file\/d\/18BeD0ZZeWF8KfmHLZxRlKDpzmqZBCwBK\/view?usp=sharing\">DEURES DE MATEM\u00c0TIQUES 2021<\/a><br \/>\n<a href=\"https:\/\/drive.google.com\/file\/d\/1NdruCqutEmP3a37ggTGmzFDljJecWFxG\/view?usp=sharing\">DEURES D&#8217; ANGL\u00c8S 2021<\/a><\/p>\n","protected":false},"author":4,"featured_media":3399,"comment_status":"open","ping_status":"closed","sticky":false,"template":"","format":"standard","meta":{"_bbp_topic_count":0,"_bbp_reply_count":0,"_bbp_total_topic_count":0,"_bbp_total_reply_count":0,"_bbp_voice_count":0,"_bbp_anonymous_reply_count":0,"_bbp_topic_count_hidden":0,"_bbp_reply_count_hidden":0,"_bbp_forum_subforum_count":0,"footnotes":""},"categories":[82,14,4],"tags":[291,437,417,133],"class_list":["post-5744","post","type-post","status-publish","format-standard","has-post-thumbnail","hentry","category-angles","category-cicle-superior","category-portada","tag-6e","tag-deures","tag-estiu","tag-sise"],"post_mailing_queue_ids":[],"_links":{"self":[{"href":"https:\/\/agora.xtec.cat\/ceip-ignasiiglesias-cornella\/wp-json\/wp\/v2\/posts\/5744","targetHints":{"allow":["GET"]}}],"collection":[{"href":"https:\/\/agora.xtec.cat\/ceip-ignasiiglesias-cornella\/wp-json\/wp\/v2\/posts"}],"about":[{"href":"https:\/\/agora.xtec.cat\/ceip-ignasiiglesias-cornella\/wp-json\/wp\/v2\/types\/post"}],"author":[{"embeddable":true,"href":"https:\/\/agora.xtec.cat\/ceip-ignasiiglesias-cornella\/wp-json\/wp\/v2\/users\/4"}],"replies":[{"embeddable":true,"href":"https:\/\/agora.xtec.cat\/ceip-ignasiiglesias-cornella\/wp-json\/wp\/v2\/comments?post=5744"}],"version-history":[{"count":1,"href":"https:\/\/agora.xtec.cat\/ceip-ignasiiglesias-cornella\/wp-json\/wp\/v2\/posts\/5744\/revisions"}],"predecessor-version":[{"id":5745,"href":"https:\/\/agora.xtec.cat\/ceip-ignasiiglesias-cornella\/wp-json\/wp\/v2\/posts\/5744\/revisions\/5745"}],"wp:featuredmedia":[{"embeddable":true,"href":"https:\/\/agora.xtec.cat\/ceip-ignasiiglesias-cornella\/wp-json\/wp\/v2\/media\/3399"}],"wp:attachment":[{"href":"https:\/\/agora.xtec.cat\/ceip-ignasiiglesias-cornella\/wp-json\/wp\/v2\/media?parent=5744"}],"wp:term":[{"taxonomy":"category","embeddable":true,"href":"https:\/\/agora.xtec.cat\/ceip-ignasiiglesias-cornella\/wp-json\/wp\/v2\/categories?post=5744"},{"taxonomy":"post_tag","embeddable":true,"href":"https:\/\/agora.xtec.cat\/ceip-ignasiiglesias-cornella\/wp-json\/wp\/v2\/tags?post=5744"}],"curies":[{"name":"wp","href":"https:\/\/api.w.org\/{rel}","templated":true}]}}