{"id":5739,"date":"2021-06-14T23:36:36","date_gmt":"2021-06-14T21:36:36","guid":{"rendered":"http:\/\/agora.xtec.cat\/ceip-ignasiiglesias-cornella\/?p=5739"},"modified":"2021-06-14T23:36:36","modified_gmt":"2021-06-14T21:36:36","slug":"5e-escalada","status":"publish","type":"post","link":"https:\/\/agora.xtec.cat\/ceip-ignasiiglesias-cornella\/general\/5e-escalada\/","title":{"rendered":"5\u00e8 ESCALADA"},"content":{"rendered":"<p>Avui, dilluns 14 de juny, els infants de 5\u00e8 han anat al Parc de Can Mercader a fer una activitat d&#8217;escalada. Tamb\u00e9 han pogut gaudir una bona estona de les instal\u00b7lacions l\u00fadiques del Parc.<\/p>\n<p>Visiteu la <a href=\"https:\/\/agora.xtec.cat\/ceip-ignasiiglesias-cornella\/cicle-superior-2020-2021\/\">galeria d&#8217; imatges<\/a> i podreu accedir a la documentaci\u00f3 gr\u00e0fica de l&#8217;activitat.<\/p>\n","protected":false},"excerpt":{"rendered":"<p>Avui, dilluns 14 de juny, els infants de 5\u00e8 han anat al Parc de Can Mercader a fer una activitat d&#8217;escalada. Tamb\u00e9 han pogut gaudir una bona estona de les instal\u00b7lacions l\u00fadiques del Parc.<br \/>\nVisiteu la <a href=\"https:\/\/agora.xtec.cat\/ceip-ignasiiglesias-cornella\/cicle-superior-2020-2021\/\">galeria d&#8217; imatges<\/a> i podreu accedir a la documentaci\u00f3&hellip;  <a href=\"https:\/\/agora.xtec.cat\/ceip-ignasiiglesias-cornella\/general\/5e-escalada\/\" title=\"Read 5\u00e8 ESCALADA\">Llegeix m\u00e9s\u00bb<\/a><\/p>\n","protected":false},"author":4,"featured_media":5740,"comment_status":"open","ping_status":"closed","sticky":false,"template":"","format":"standard","meta":{"_bbp_topic_count":0,"_bbp_reply_count":0,"_bbp_total_topic_count":0,"_bbp_total_reply_count":0,"_bbp_voice_count":0,"_bbp_anonymous_reply_count":0,"_bbp_topic_count_hidden":0,"_bbp_reply_count_hidden":0,"_bbp_forum_subforum_count":0,"footnotes":""},"categories":[14,81,1,4],"tags":[881],"class_list":["post-5739","post","type-post","status-publish","format-standard","has-post-thumbnail","hentry","category-cicle-superior","category-educacio-fisica","category-general","category-portada","tag-escalada"],"post_mailing_queue_ids":[],"_links":{"self":[{"href":"https:\/\/agora.xtec.cat\/ceip-ignasiiglesias-cornella\/wp-json\/wp\/v2\/posts\/5739","targetHints":{"allow":["GET"]}}],"collection":[{"href":"https:\/\/agora.xtec.cat\/ceip-ignasiiglesias-cornella\/wp-json\/wp\/v2\/posts"}],"about":[{"href":"https:\/\/agora.xtec.cat\/ceip-ignasiiglesias-cornella\/wp-json\/wp\/v2\/types\/post"}],"author":[{"embeddable":true,"href":"https:\/\/agora.xtec.cat\/ceip-ignasiiglesias-cornella\/wp-json\/wp\/v2\/users\/4"}],"replies":[{"embeddable":true,"href":"https:\/\/agora.xtec.cat\/ceip-ignasiiglesias-cornella\/wp-json\/wp\/v2\/comments?post=5739"}],"version-history":[{"count":2,"href":"https:\/\/agora.xtec.cat\/ceip-ignasiiglesias-cornella\/wp-json\/wp\/v2\/posts\/5739\/revisions"}],"predecessor-version":[{"id":5742,"href":"https:\/\/agora.xtec.cat\/ceip-ignasiiglesias-cornella\/wp-json\/wp\/v2\/posts\/5739\/revisions\/5742"}],"wp:featuredmedia":[{"embeddable":true,"href":"https:\/\/agora.xtec.cat\/ceip-ignasiiglesias-cornella\/wp-json\/wp\/v2\/media\/5740"}],"wp:attachment":[{"href":"https:\/\/agora.xtec.cat\/ceip-ignasiiglesias-cornella\/wp-json\/wp\/v2\/media?parent=5739"}],"wp:term":[{"taxonomy":"category","embeddable":true,"href":"https:\/\/agora.xtec.cat\/ceip-ignasiiglesias-cornella\/wp-json\/wp\/v2\/categories?post=5739"},{"taxonomy":"post_tag","embeddable":true,"href":"https:\/\/agora.xtec.cat\/ceip-ignasiiglesias-cornella\/wp-json\/wp\/v2\/tags?post=5739"}],"curies":[{"name":"wp","href":"https:\/\/api.w.org\/{rel}","templated":true}]}}