{"id":5628,"date":"2021-05-26T14:46:31","date_gmt":"2021-05-26T12:46:31","guid":{"rendered":"http:\/\/agora.xtec.cat\/ceip-ignasiiglesias-cornella\/?p=5628"},"modified":"2021-05-26T14:55:42","modified_gmt":"2021-05-26T12:55:42","slug":"lignasi-esta-de-colonies","status":"publish","type":"post","link":"https:\/\/agora.xtec.cat\/ceip-ignasiiglesias-cornella\/general\/lignasi-esta-de-colonies\/","title":{"rendered":"L&#8217;IGNASI EST\u00c0 DE COL\u00d2NIES"},"content":{"rendered":"<p style=\"text-align: justify;\">Aquest curs tot i les dificultats de la pand\u00e8mia tamb\u00e9 hem pogut gaudir de les col\u00f2nies, aix\u00f2 si amb totes les mesures pertinents.<\/p>\n<p style=\"text-align: justify;\">L&#8217;alumnat de\u00a0 6\u00e8 comen\u00e7a avui la seva aventura i dem\u00e0 ho faran tamb\u00e9 els infants de P5, 2n i 4t.<\/p>\n<p style=\"text-align: justify;\">Durant aquests dies anirem pujant fotos de les diferents activitats que hi vagin realitzant.<\/p>\n<p style=\"text-align: justify;\">Us convidem a gaudir de les fotos clicant\u00a0 a sobre del\u00a0 curs dels vostres fills i\/o filles.<\/p>\n<p><a href=\"https:\/\/agora.xtec.cat\/ceip-ignasiiglesias-cornella\/galeria-de-fotos-curs-2020-2021\/\"><img loading=\"lazy\" decoding=\"async\" class=\"size-thumbnail wp-image-5671 alignleft\" src=\"https:\/\/agora.xtec.cat\/ceip-ignasiiglesias-cornella\/wp-content\/uploads\/usu1592\/2021\/05\/marxem-de-colnies-6\u00e8-150x150.jpg\" alt=\"\" width=\"150\" height=\"150\" \/><\/a><a href=\"https:\/\/agora.xtec.cat\/ceip-ignasiiglesias-cornella\/galeria-de-fotos-curs-2020-2021\/\"><img loading=\"lazy\" decoding=\"async\" class=\"size-thumbnail wp-image-5646 alignleft\" src=\"https:\/\/agora.xtec.cat\/ceip-ignasiiglesias-cornella\/wp-content\/uploads\/usu1592\/2021\/05\/marxem-de-colnies-4t-150x150.jpg\" alt=\"\" width=\"150\" height=\"150\" \/><\/a><a href=\"https:\/\/agora.xtec.cat\/ceip-ignasiiglesias-cornella\/galeria-de-fotos-curs-2020-2021\/\"><img loading=\"lazy\" decoding=\"async\" class=\"size-thumbnail wp-image-5645 alignleft\" src=\"https:\/\/agora.xtec.cat\/ceip-ignasiiglesias-cornella\/wp-content\/uploads\/usu1592\/2021\/05\/marxem-de-colnies-2n-150x150.jpg\" alt=\"\" width=\"150\" height=\"150\" \/><\/a><a href=\"https:\/\/agora.xtec.cat\/ceip-ignasiiglesias-cornella\/galeria-de-fotos-curs-2020-2021\/\"><img loading=\"lazy\" decoding=\"async\" class=\"size-thumbnail wp-image-5643 alignleft\" src=\"https:\/\/agora.xtec.cat\/ceip-ignasiiglesias-cornella\/wp-content\/uploads\/usu1592\/2021\/05\/marxem-de-colnies-p5-150x150.jpg\" alt=\"\" width=\"150\" height=\"150\" \/><\/a><\/p>\n<p>&nbsp;<\/p>\n","protected":false},"excerpt":{"rendered":"<p>Aquest curs tot i les dificultats de la pand\u00e8mia tamb\u00e9 hem pogut gaudir de les col\u00f2nies, aix\u00f2 si amb totes les mesures pertinents.<br \/>\nL&#8217;alumnat de\u00a0 6\u00e8 comen\u00e7a avui la seva aventura i dem\u00e0 ho faran tamb\u00e9 els infants de P5, 2n i 4t.<br \/>\nDurant aquests dies anirem&hellip;  <a href=\"https:\/\/agora.xtec.cat\/ceip-ignasiiglesias-cornella\/general\/lignasi-esta-de-colonies\/\" title=\"Read L&#8217;IGNASI EST\u00c0 DE COL\u00d2NIES\">Llegeix m\u00e9s\u00bb<\/a><\/p>\n","protected":false},"author":1,"featured_media":4186,"comment_status":"open","ping_status":"closed","sticky":false,"template":"","format":"standard","meta":{"_bbp_topic_count":0,"_bbp_reply_count":0,"_bbp_total_topic_count":0,"_bbp_total_reply_count":0,"_bbp_voice_count":0,"_bbp_anonymous_reply_count":0,"_bbp_topic_count_hidden":0,"_bbp_reply_count_hidden":0,"_bbp_forum_subforum_count":0,"footnotes":""},"categories":[864,877,815,10,12,14,1,2,9,4,5],"tags":[410,16],"class_list":["post-5628","post","type-post","status-publish","format-standard","has-post-thumbnail","hentry","category-2n","category-4t","category-6e","category-cicle-inicial","category-cicle-mitja","category-cicle-superior","category-general","category-infantil","category-p5","category-portada","category-primaria","tag-colonies","tag-sortides"],"post_mailing_queue_ids":[],"_links":{"self":[{"href":"https:\/\/agora.xtec.cat\/ceip-ignasiiglesias-cornella\/wp-json\/wp\/v2\/posts\/5628","targetHints":{"allow":["GET"]}}],"collection":[{"href":"https:\/\/agora.xtec.cat\/ceip-ignasiiglesias-cornella\/wp-json\/wp\/v2\/posts"}],"about":[{"href":"https:\/\/agora.xtec.cat\/ceip-ignasiiglesias-cornella\/wp-json\/wp\/v2\/types\/post"}],"author":[{"embeddable":true,"href":"https:\/\/agora.xtec.cat\/ceip-ignasiiglesias-cornella\/wp-json\/wp\/v2\/users\/1"}],"replies":[{"embeddable":true,"href":"https:\/\/agora.xtec.cat\/ceip-ignasiiglesias-cornella\/wp-json\/wp\/v2\/comments?post=5628"}],"version-history":[{"count":4,"href":"https:\/\/agora.xtec.cat\/ceip-ignasiiglesias-cornella\/wp-json\/wp\/v2\/posts\/5628\/revisions"}],"predecessor-version":[{"id":5682,"href":"https:\/\/agora.xtec.cat\/ceip-ignasiiglesias-cornella\/wp-json\/wp\/v2\/posts\/5628\/revisions\/5682"}],"wp:featuredmedia":[{"embeddable":true,"href":"https:\/\/agora.xtec.cat\/ceip-ignasiiglesias-cornella\/wp-json\/wp\/v2\/media\/4186"}],"wp:attachment":[{"href":"https:\/\/agora.xtec.cat\/ceip-ignasiiglesias-cornella\/wp-json\/wp\/v2\/media?parent=5628"}],"wp:term":[{"taxonomy":"category","embeddable":true,"href":"https:\/\/agora.xtec.cat\/ceip-ignasiiglesias-cornella\/wp-json\/wp\/v2\/categories?post=5628"},{"taxonomy":"post_tag","embeddable":true,"href":"https:\/\/agora.xtec.cat\/ceip-ignasiiglesias-cornella\/wp-json\/wp\/v2\/tags?post=5628"}],"curies":[{"name":"wp","href":"https:\/\/api.w.org\/{rel}","templated":true}]}}