{"id":5603,"date":"2021-05-14T13:16:28","date_gmt":"2021-05-14T11:16:28","guid":{"rendered":"http:\/\/agora.xtec.cat\/ceip-ignasiiglesias-cornella\/?p=5603"},"modified":"2021-05-14T13:16:28","modified_gmt":"2021-05-14T11:16:28","slug":"5e-visita-al-centre-destudis-del-mar","status":"publish","type":"post","link":"https:\/\/agora.xtec.cat\/ceip-ignasiiglesias-cornella\/general\/5e-visita-al-centre-destudis-del-mar\/","title":{"rendered":"5\u00e8  VISITA AL CENTRE D&#8217;ESTUDIS DEL MAR"},"content":{"rendered":"<p>El passat cinc de maig van anar cap a <strong>Sitges<\/strong> amb la intenci\u00f3 de visitar el centre d&#8217;estudis del mar.\u00a0 L&#8217;activitat normalment t\u00e9 una part que inclou pr\u00e0ctiques de laboratori amb l&#8217;an\u00e0lisi de la composici\u00f3 de la sorra, per exemple, i una part que es desenvolupa a l&#8217;exterior, on es gaudeix de l&#8217;aire lliure i la visi\u00f3 del mar.<\/p>\n<p>Per circumst\u00e0ncies alienes a nosaltres, tota la sortida es va fer a l&#8217;exterior i a part de rebre informaci\u00f3 i d&#8217;observar l&#8217;entorn, tamb\u00e9 vam tenir temps de fer una col\u00b7lecta de mostres d&#8217;animals i d&#8217;altres elements que l&#8217;aigua dipositava a la costa.<\/p>\n<p>Fou interessant ser m\u00e9s conscients de totes aquelles accions humanes que modifiquen i perjudiquen la vida aqu\u00e0tica, aix\u00ed com saber distingir la platja natural de la que es construeix artificialment.<\/p>\n<p>Eri\u00e7ons, closques d&#8217;escopinyes, crancs vius, cargols de mar, carcassa interior d&#8217;una s\u00e8pia&#8230; una varietat de restes de vida animal, barrejada amb trossos de pl\u00e0stic, paper de vidre i\u00a0 goma.\u00a0\u00a0Per un moment, vora el mar, nens i nenes es van fondre amb el paisatge i semblaven buscadors i buscadores de tresors a la platja. Cada troballa era festejada, van compartir sense baralles, sorgiren preguntes interessants i &#8230; algun peu dins l&#8217;aigua.<\/p>\n<p>En acabar l&#8217;activitat guiada, ens vam traslladar a un parc que ens va costar de trobar, per\u00f2 prou gran com per oferir espais on menjar amb tranquil\u00b7litat i jugar sense coincidir amb d&#8217;altres escoles.<\/p>\n<p>El sol, protagonista del dia, ens va acompanyar durant tota la jornada.<\/p>\n<p>Visiteu la <a href=\"https:\/\/agora.xtec.cat\/ceip-ignasiiglesias-cornella\/cicle-superior-2020-2021\/\">galeria<\/a> per veure les fotos<\/p>\n<p><a href=\"https:\/\/agora.xtec.cat\/ceip-ignasiiglesias-cornella\/wp-content\/uploads\/usu1592\/2021\/05\/WhatsApp-Image-2021-05-09-at-23.14.12-4.jpeg\"><img loading=\"lazy\" decoding=\"async\" class=\"alignnone size-large wp-image-5578\" src=\"https:\/\/agora.xtec.cat\/ceip-ignasiiglesias-cornella\/wp-content\/uploads\/usu1592\/2021\/05\/WhatsApp-Image-2021-05-09-at-23.14.12-4-1024x768.jpeg\" alt=\"\" width=\"1024\" height=\"768\" srcset=\"https:\/\/agora.xtec.cat\/ceip-ignasiiglesias-cornella\/wp-content\/uploads\/usu1592\/2021\/05\/WhatsApp-Image-2021-05-09-at-23.14.12-4-1024x768.jpeg 1024w, https:\/\/agora.xtec.cat\/ceip-ignasiiglesias-cornella\/wp-content\/uploads\/usu1592\/2021\/05\/WhatsApp-Image-2021-05-09-at-23.14.12-4-300x225.jpeg 300w, https:\/\/agora.xtec.cat\/ceip-ignasiiglesias-cornella\/wp-content\/uploads\/usu1592\/2021\/05\/WhatsApp-Image-2021-05-09-at-23.14.12-4-768x576.jpeg 768w, https:\/\/agora.xtec.cat\/ceip-ignasiiglesias-cornella\/wp-content\/uploads\/usu1592\/2021\/05\/WhatsApp-Image-2021-05-09-at-23.14.12-4-200x150.jpeg 200w, https:\/\/agora.xtec.cat\/ceip-ignasiiglesias-cornella\/wp-content\/uploads\/usu1592\/2021\/05\/WhatsApp-Image-2021-05-09-at-23.14.12-4.jpeg 2048w\" sizes=\"auto, (max-width: 1024px) 100vw, 1024px\" \/><\/a><\/p>\n","protected":false},"excerpt":{"rendered":"<p>Sortida a Sitges&hellip;  <a href=\"https:\/\/agora.xtec.cat\/ceip-ignasiiglesias-cornella\/general\/5e-visita-al-centre-destudis-del-mar\/\" title=\"Read 5\u00e8  VISITA AL CENTRE D&#8217;ESTUDIS DEL MAR\">Llegeix m\u00e9s\u00bb<\/a><\/p>\n","protected":false},"author":1,"featured_media":5578,"comment_status":"closed","ping_status":"closed","sticky":false,"template":"","format":"standard","meta":{"_bbp_topic_count":0,"_bbp_reply_count":0,"_bbp_total_topic_count":0,"_bbp_total_reply_count":0,"_bbp_voice_count":0,"_bbp_anonymous_reply_count":0,"_bbp_topic_count_hidden":0,"_bbp_reply_count_hidden":0,"_bbp_forum_subforum_count":0,"footnotes":""},"categories":[14,1,4,5],"tags":[119,875,874],"class_list":["post-5603","post","type-post","status-publish","format-standard","has-post-thumbnail","hentry","category-cicle-superior","category-general","category-portada","category-primaria","tag-5e","tag-cem","tag-sortida-sitges"],"post_mailing_queue_ids":[],"_links":{"self":[{"href":"https:\/\/agora.xtec.cat\/ceip-ignasiiglesias-cornella\/wp-json\/wp\/v2\/posts\/5603","targetHints":{"allow":["GET"]}}],"collection":[{"href":"https:\/\/agora.xtec.cat\/ceip-ignasiiglesias-cornella\/wp-json\/wp\/v2\/posts"}],"about":[{"href":"https:\/\/agora.xtec.cat\/ceip-ignasiiglesias-cornella\/wp-json\/wp\/v2\/types\/post"}],"author":[{"embeddable":true,"href":"https:\/\/agora.xtec.cat\/ceip-ignasiiglesias-cornella\/wp-json\/wp\/v2\/users\/1"}],"replies":[{"embeddable":true,"href":"https:\/\/agora.xtec.cat\/ceip-ignasiiglesias-cornella\/wp-json\/wp\/v2\/comments?post=5603"}],"version-history":[{"count":3,"href":"https:\/\/agora.xtec.cat\/ceip-ignasiiglesias-cornella\/wp-json\/wp\/v2\/posts\/5603\/revisions"}],"predecessor-version":[{"id":5619,"href":"https:\/\/agora.xtec.cat\/ceip-ignasiiglesias-cornella\/wp-json\/wp\/v2\/posts\/5603\/revisions\/5619"}],"wp:featuredmedia":[{"embeddable":true,"href":"https:\/\/agora.xtec.cat\/ceip-ignasiiglesias-cornella\/wp-json\/wp\/v2\/media\/5578"}],"wp:attachment":[{"href":"https:\/\/agora.xtec.cat\/ceip-ignasiiglesias-cornella\/wp-json\/wp\/v2\/media?parent=5603"}],"wp:term":[{"taxonomy":"category","embeddable":true,"href":"https:\/\/agora.xtec.cat\/ceip-ignasiiglesias-cornella\/wp-json\/wp\/v2\/categories?post=5603"},{"taxonomy":"post_tag","embeddable":true,"href":"https:\/\/agora.xtec.cat\/ceip-ignasiiglesias-cornella\/wp-json\/wp\/v2\/tags?post=5603"}],"curies":[{"name":"wp","href":"https:\/\/api.w.org\/{rel}","templated":true}]}}