{"id":5601,"date":"2021-05-14T13:23:32","date_gmt":"2021-05-14T11:23:32","guid":{"rendered":"http:\/\/agora.xtec.cat\/ceip-ignasiiglesias-cornella\/?p=5601"},"modified":"2021-05-14T13:24:55","modified_gmt":"2021-05-14T11:24:55","slug":"5e-el-jardi-zen","status":"publish","type":"post","link":"https:\/\/agora.xtec.cat\/ceip-ignasiiglesias-cornella\/general\/5e-el-jardi-zen\/","title":{"rendered":"5\u00e8 El jard\u00ed Zen"},"content":{"rendered":"<p>A mesura que anem descobrint dades noves sobre el Jap\u00f3, intentem donar-li una vessant pr\u00e0ctica i l\u00fadica.<\/p>\n<p>La finalitat del projecte \u00e9s aprendre i tamb\u00e9 gaudir, per aix\u00f2, en arribar a l&#8217;apartat de la cultura o filosofia Zen, vam intentar sintetitzar idees b\u00e0siques i fabricar un referent a la classe de pl\u00e0stica. Sabem que els conceptes com la relaxaci\u00f3, el silenci o la calma&#8230; Estan associats al terme ZEN, i lligat a aix\u00f2, vam descobrir imatges de jardins dedicats a la contemplaci\u00f3, o b\u00e9 al tra\u00e7at de camins que no porten enlloc, per\u00f2 permeten no pensar en res m\u00e9s&#8230;<\/p>\n<p>Els elements naturals que poden apar\u00e8ixer en un jard\u00ed zen han estat substitu\u00efts per altres elements que ens ajuden a simular aquest context. El resultat ha estat vist\u00f3s i est\u00e0 exposat al vest\u00edbul escolar, per\u00f2 abans de fer-ho, molts i moltes de nosaltres, hem comprovat que el fet de rascletar camins sobre la sorra comporta una desconnexi\u00f3 moment\u00e0nia.<\/p>\n<p>Cada cop que passem pel vest\u00edbul, els diminuts jardins Zens, mostren noves formes sobre la sorra, mans invisibles que en passar pel davant, no han pogut evitar dibuixar amb l&#8217;improvisat rasclet (una forquilla de fusta), les petjades d&#8217;uns camins sorgits d&#8217;una presa aturada.<\/p>\n<p>Visiteu la <a href=\"https:\/\/agora.xtec.cat\/ceip-ignasiiglesias-cornella\/cicle-superior-2020-2021\/\">galeria de fotos<\/a>!<\/p>\n<p><a href=\"https:\/\/agora.xtec.cat\/ceip-ignasiiglesias-cornella\/wp-content\/uploads\/usu1592\/2021\/05\/jard\u00ed-zen-5\u00e8A-9.jpeg\"><img loading=\"lazy\" decoding=\"async\" class=\"wp-image-5621 aligncenter\" src=\"https:\/\/agora.xtec.cat\/ceip-ignasiiglesias-cornella\/wp-content\/uploads\/usu1592\/2021\/05\/jard\u00ed-zen-5\u00e8A-9-1024x768.jpeg\" alt=\"\" width=\"859\" height=\"645\" srcset=\"https:\/\/agora.xtec.cat\/ceip-ignasiiglesias-cornella\/wp-content\/uploads\/usu1592\/2021\/05\/jard\u00ed-zen-5\u00e8A-9-1024x768.jpeg 1024w, https:\/\/agora.xtec.cat\/ceip-ignasiiglesias-cornella\/wp-content\/uploads\/usu1592\/2021\/05\/jard\u00ed-zen-5\u00e8A-9-300x225.jpeg 300w, https:\/\/agora.xtec.cat\/ceip-ignasiiglesias-cornella\/wp-content\/uploads\/usu1592\/2021\/05\/jard\u00ed-zen-5\u00e8A-9-768x576.jpeg 768w, https:\/\/agora.xtec.cat\/ceip-ignasiiglesias-cornella\/wp-content\/uploads\/usu1592\/2021\/05\/jard\u00ed-zen-5\u00e8A-9-200x150.jpeg 200w, https:\/\/agora.xtec.cat\/ceip-ignasiiglesias-cornella\/wp-content\/uploads\/usu1592\/2021\/05\/jard\u00ed-zen-5\u00e8A-9.jpeg 1600w\" sizes=\"auto, (max-width: 859px) 100vw, 859px\" \/><\/a><\/p>\n","protected":false},"excerpt":{"rendered":"<p>A mesura que anem descobrint dades noves sobre el Jap\u00f3, intentem donar-li una vessant pr\u00e0ctica i l\u00fadica.<br \/>\nLa finalitat del projecte \u00e9s aprendre i tamb\u00e9 gaudir, per aix\u00f2, en arribar a l&#8217;apartat de la cultura o filosofia Zen, vam intentar sintetitzar idees b\u00e0siques i fabricar un&hellip;  <a href=\"https:\/\/agora.xtec.cat\/ceip-ignasiiglesias-cornella\/general\/5e-el-jardi-zen\/\" title=\"Read 5\u00e8 El jard\u00ed Zen\">Llegeix m\u00e9s\u00bb<\/a><\/p>\n","protected":false},"author":1,"featured_media":5569,"comment_status":"closed","ping_status":"closed","sticky":false,"template":"","format":"standard","meta":{"_bbp_topic_count":0,"_bbp_reply_count":0,"_bbp_total_topic_count":0,"_bbp_total_reply_count":0,"_bbp_voice_count":0,"_bbp_anonymous_reply_count":0,"_bbp_topic_count_hidden":0,"_bbp_reply_count_hidden":0,"_bbp_forum_subforum_count":0,"footnotes":""},"categories":[14,1],"tags":[135,97,161,873],"class_list":["post-5601","post","type-post","status-publish","format-standard","has-post-thumbnail","hentry","category-cicle-superior","category-general","tag-cicle-superior","tag-ignasi-iglesias","tag-jardi","tag-zen-el-japo"],"post_mailing_queue_ids":[],"_links":{"self":[{"href":"https:\/\/agora.xtec.cat\/ceip-ignasiiglesias-cornella\/wp-json\/wp\/v2\/posts\/5601","targetHints":{"allow":["GET"]}}],"collection":[{"href":"https:\/\/agora.xtec.cat\/ceip-ignasiiglesias-cornella\/wp-json\/wp\/v2\/posts"}],"about":[{"href":"https:\/\/agora.xtec.cat\/ceip-ignasiiglesias-cornella\/wp-json\/wp\/v2\/types\/post"}],"author":[{"embeddable":true,"href":"https:\/\/agora.xtec.cat\/ceip-ignasiiglesias-cornella\/wp-json\/wp\/v2\/users\/1"}],"replies":[{"embeddable":true,"href":"https:\/\/agora.xtec.cat\/ceip-ignasiiglesias-cornella\/wp-json\/wp\/v2\/comments?post=5601"}],"version-history":[{"count":3,"href":"https:\/\/agora.xtec.cat\/ceip-ignasiiglesias-cornella\/wp-json\/wp\/v2\/posts\/5601\/revisions"}],"predecessor-version":[{"id":5623,"href":"https:\/\/agora.xtec.cat\/ceip-ignasiiglesias-cornella\/wp-json\/wp\/v2\/posts\/5601\/revisions\/5623"}],"wp:featuredmedia":[{"embeddable":true,"href":"https:\/\/agora.xtec.cat\/ceip-ignasiiglesias-cornella\/wp-json\/wp\/v2\/media\/5569"}],"wp:attachment":[{"href":"https:\/\/agora.xtec.cat\/ceip-ignasiiglesias-cornella\/wp-json\/wp\/v2\/media?parent=5601"}],"wp:term":[{"taxonomy":"category","embeddable":true,"href":"https:\/\/agora.xtec.cat\/ceip-ignasiiglesias-cornella\/wp-json\/wp\/v2\/categories?post=5601"},{"taxonomy":"post_tag","embeddable":true,"href":"https:\/\/agora.xtec.cat\/ceip-ignasiiglesias-cornella\/wp-json\/wp\/v2\/tags?post=5601"}],"curies":[{"name":"wp","href":"https:\/\/api.w.org\/{rel}","templated":true}]}}