{"id":5595,"date":"2021-05-14T12:56:50","date_gmt":"2021-05-14T10:56:50","guid":{"rendered":"http:\/\/agora.xtec.cat\/ceip-ignasiiglesias-cornella\/?p=5595"},"modified":"2021-05-14T12:56:50","modified_gmt":"2021-05-14T10:56:50","slug":"1r-sortida-a-la-pedrera","status":"publish","type":"post","link":"https:\/\/agora.xtec.cat\/ceip-ignasiiglesias-cornella\/portada\/1r-sortida-a-la-pedrera\/","title":{"rendered":"1r SORTIDA A LA PEDRERA"},"content":{"rendered":"<p>El dilluns <strong>10 de maig<\/strong> els nens i les nenes de <strong>Primer Inicial<\/strong> hem fet una sortida a Barcelona per visitar un edifici molt emblem\u00e0tic, <strong>la Pedrera<\/strong>, \u00a0ja que en l\u2019\u00e0rea de pl\u00e0stica estem treballant Antoni Gaud\u00ed.<\/p>\n<p>Hem fet una <strong>visita guiada<\/strong> pels espais m\u00e9s representatius d\u2019aquest edifici: les fa\u00e7anes, les xemeneies encantades, hem vist un dels pisos de l\u2019edifici, podent veure les diferents estances i mobiliari d\u2019aquella \u00e8poca.<\/p>\n<p>Despr\u00e9s els nens i les nenes <strong>han fet el Taller Pl\u00e0stic de la Forja M\u00e0gica<\/strong>: cadasc\u00fa ha modelat el seu balc\u00f3 de filferro com ho feia Gaud\u00ed.<\/p>\n<p><strong>Els infants han gaudit molt\u00edssim de la visita i s\u2019ho han passat d\u2019all\u00f2 m\u00e9s b\u00e9.<\/strong><\/p>\n<p>Per veure les fotos visiteu la <a href=\"https:\/\/agora.xtec.cat\/ceip-ignasiiglesias-cornella\/cicle-inicial-2020-2021\/\">galeria de fotos<\/a><\/p>\n<p><a href=\"https:\/\/agora.xtec.cat\/ceip-ignasiiglesias-cornella\/wp-content\/uploads\/usu1592\/2021\/05\/IMG20210510113509-min.jpg\"><img loading=\"lazy\" decoding=\"async\" class=\"alignnone size-large wp-image-5614\" src=\"https:\/\/agora.xtec.cat\/ceip-ignasiiglesias-cornella\/wp-content\/uploads\/usu1592\/2021\/05\/IMG20210510113509-min-1024x768.jpg\" alt=\"\" width=\"1024\" height=\"768\" srcset=\"https:\/\/agora.xtec.cat\/ceip-ignasiiglesias-cornella\/wp-content\/uploads\/usu1592\/2021\/05\/IMG20210510113509-min-1024x768.jpg 1024w, https:\/\/agora.xtec.cat\/ceip-ignasiiglesias-cornella\/wp-content\/uploads\/usu1592\/2021\/05\/IMG20210510113509-min-300x225.jpg 300w, https:\/\/agora.xtec.cat\/ceip-ignasiiglesias-cornella\/wp-content\/uploads\/usu1592\/2021\/05\/IMG20210510113509-min-768x576.jpg 768w, https:\/\/agora.xtec.cat\/ceip-ignasiiglesias-cornella\/wp-content\/uploads\/usu1592\/2021\/05\/IMG20210510113509-min-200x150.jpg 200w\" sizes=\"auto, (max-width: 1024px) 100vw, 1024px\" \/><\/a><\/p>\n","protected":false},"excerpt":{"rendered":"<p>El dilluns 10 de maig els nens i les nenes de Primer Inicial hem fet una sortida a Barcelona per visitar un edifici molt emblem\u00e0tic, la Pedrera, \u00a0ja que en l\u2019\u00e0rea de pl\u00e0stica estem treballant Antoni Gaud\u00ed.<br \/>\nHem fet una visita guiada pels espais m\u00e9s representatius&hellip;  <a href=\"https:\/\/agora.xtec.cat\/ceip-ignasiiglesias-cornella\/portada\/1r-sortida-a-la-pedrera\/\" title=\"Read 1r SORTIDA A LA PEDRERA\">Llegeix m\u00e9s\u00bb<\/a><\/p>\n","protected":false},"author":1,"featured_media":5615,"comment_status":"open","ping_status":"closed","sticky":false,"template":"","format":"standard","meta":{"_bbp_topic_count":0,"_bbp_reply_count":0,"_bbp_total_topic_count":0,"_bbp_total_reply_count":0,"_bbp_voice_count":0,"_bbp_anonymous_reply_count":0,"_bbp_topic_count_hidden":0,"_bbp_reply_count_hidden":0,"_bbp_forum_subforum_count":0,"footnotes":""},"categories":[10,4,5],"tags":[137,97,708,138],"class_list":["post-5595","post","type-post","status-publish","format-standard","has-post-thumbnail","hentry","category-cicle-inicial","category-portada","category-primaria","tag-cicle-inicial","tag-ignasi-iglesias","tag-la-pedrera","tag-primer"],"post_mailing_queue_ids":[],"_links":{"self":[{"href":"https:\/\/agora.xtec.cat\/ceip-ignasiiglesias-cornella\/wp-json\/wp\/v2\/posts\/5595","targetHints":{"allow":["GET"]}}],"collection":[{"href":"https:\/\/agora.xtec.cat\/ceip-ignasiiglesias-cornella\/wp-json\/wp\/v2\/posts"}],"about":[{"href":"https:\/\/agora.xtec.cat\/ceip-ignasiiglesias-cornella\/wp-json\/wp\/v2\/types\/post"}],"author":[{"embeddable":true,"href":"https:\/\/agora.xtec.cat\/ceip-ignasiiglesias-cornella\/wp-json\/wp\/v2\/users\/1"}],"replies":[{"embeddable":true,"href":"https:\/\/agora.xtec.cat\/ceip-ignasiiglesias-cornella\/wp-json\/wp\/v2\/comments?post=5595"}],"version-history":[{"count":3,"href":"https:\/\/agora.xtec.cat\/ceip-ignasiiglesias-cornella\/wp-json\/wp\/v2\/posts\/5595\/revisions"}],"predecessor-version":[{"id":5616,"href":"https:\/\/agora.xtec.cat\/ceip-ignasiiglesias-cornella\/wp-json\/wp\/v2\/posts\/5595\/revisions\/5616"}],"wp:featuredmedia":[{"embeddable":true,"href":"https:\/\/agora.xtec.cat\/ceip-ignasiiglesias-cornella\/wp-json\/wp\/v2\/media\/5615"}],"wp:attachment":[{"href":"https:\/\/agora.xtec.cat\/ceip-ignasiiglesias-cornella\/wp-json\/wp\/v2\/media?parent=5595"}],"wp:term":[{"taxonomy":"category","embeddable":true,"href":"https:\/\/agora.xtec.cat\/ceip-ignasiiglesias-cornella\/wp-json\/wp\/v2\/categories?post=5595"},{"taxonomy":"post_tag","embeddable":true,"href":"https:\/\/agora.xtec.cat\/ceip-ignasiiglesias-cornella\/wp-json\/wp\/v2\/tags?post=5595"}],"curies":[{"name":"wp","href":"https:\/\/api.w.org\/{rel}","templated":true}]}}