{"id":5575,"date":"2021-05-09T23:07:51","date_gmt":"2021-05-09T21:07:51","guid":{"rendered":"http:\/\/agora.xtec.cat\/ceip-ignasiiglesias-cornella\/?p=5575"},"modified":"2021-05-09T23:23:23","modified_gmt":"2021-05-09T21:23:23","slug":"6e-sortida-al-parc-natural-del-garraf","status":"publish","type":"post","link":"https:\/\/agora.xtec.cat\/ceip-ignasiiglesias-cornella\/portada\/6e-sortida-al-parc-natural-del-garraf\/","title":{"rendered":"6\u00e8. SORTIDA AL PARC NATURAL DEL GARRAF"},"content":{"rendered":"<p><span style=\"font-weight: 400;\">El mass\u00eds del Garraf est\u00e0 format en gaireb\u00e9 la seva totalitat per pedra calc\u00e0ria. Aquesta pedra \u00e9s tova i, per aquest motiu, amb l\u2019efecte de les pluges de s\u2019hi han format coves i avencs (cavitats que tenen un recorregut vertical, al contrari de les coves que el tenen horitzontal).<\/span><\/p>\n<p><span style=\"font-weight: 400;\">Fa uns dies, les i els alumnes de 6\u00e8, hi vam anar i vam fer un recorregut d\u2019uns dos quil\u00f2metres i mig, des de Can Grau fins a l\u2019avenc de l\u2019Esquerr\u00e0 que t\u00e9 uns 30 metres de profunditat. Durant l\u2019itinerari vam observar empremtes d\u2019animals i algunes plantes de la zona.<\/span><\/p>\n<p><span style=\"font-weight: 400;\">Un cop acabat el recorregut vam dinar a la pineda de Can Grau.<\/span><\/p>\n<p>Veieu les imatges a la <a href=\"https:\/\/agora.xtec.cat\/ceip-ignasiiglesias-cornella\/cicle-superior-2020-2021\/\" target=\"_blank\" rel=\"noopener noreferrer\">galeria de cicle superior.<\/a><\/p>\n","protected":false},"excerpt":{"rendered":"<p>El mass\u00eds del Garraf est\u00e0 format en gaireb\u00e9 la seva totalitat per pedra calc\u00e0ria. Aquesta pedra \u00e9s tova i, per aquest motiu, amb l\u2019efecte de les pluges de s\u2019hi han format coves i avencs (cavitats que tenen un recorregut vertical, al contrari de les coves&hellip;  <a href=\"https:\/\/agora.xtec.cat\/ceip-ignasiiglesias-cornella\/portada\/6e-sortida-al-parc-natural-del-garraf\/\" title=\"Read 6\u00e8. SORTIDA AL PARC NATURAL DEL GARRAF\">Llegeix m\u00e9s\u00bb<\/a><\/p>\n","protected":false},"author":4,"featured_media":5568,"comment_status":"open","ping_status":"closed","sticky":false,"template":"","format":"standard","meta":{"_bbp_topic_count":0,"_bbp_reply_count":0,"_bbp_total_topic_count":0,"_bbp_total_reply_count":0,"_bbp_voice_count":0,"_bbp_anonymous_reply_count":0,"_bbp_topic_count_hidden":0,"_bbp_reply_count_hidden":0,"_bbp_forum_subforum_count":0,"footnotes":""},"categories":[14,4],"tags":[870,869,141],"class_list":["post-5575","post","type-post","status-publish","format-standard","has-post-thumbnail","hentry","category-cicle-superior","category-portada","tag-avenc","tag-garraf","tag-sortida"],"post_mailing_queue_ids":[],"_links":{"self":[{"href":"https:\/\/agora.xtec.cat\/ceip-ignasiiglesias-cornella\/wp-json\/wp\/v2\/posts\/5575","targetHints":{"allow":["GET"]}}],"collection":[{"href":"https:\/\/agora.xtec.cat\/ceip-ignasiiglesias-cornella\/wp-json\/wp\/v2\/posts"}],"about":[{"href":"https:\/\/agora.xtec.cat\/ceip-ignasiiglesias-cornella\/wp-json\/wp\/v2\/types\/post"}],"author":[{"embeddable":true,"href":"https:\/\/agora.xtec.cat\/ceip-ignasiiglesias-cornella\/wp-json\/wp\/v2\/users\/4"}],"replies":[{"embeddable":true,"href":"https:\/\/agora.xtec.cat\/ceip-ignasiiglesias-cornella\/wp-json\/wp\/v2\/comments?post=5575"}],"version-history":[{"count":2,"href":"https:\/\/agora.xtec.cat\/ceip-ignasiiglesias-cornella\/wp-json\/wp\/v2\/posts\/5575\/revisions"}],"predecessor-version":[{"id":5582,"href":"https:\/\/agora.xtec.cat\/ceip-ignasiiglesias-cornella\/wp-json\/wp\/v2\/posts\/5575\/revisions\/5582"}],"wp:featuredmedia":[{"embeddable":true,"href":"https:\/\/agora.xtec.cat\/ceip-ignasiiglesias-cornella\/wp-json\/wp\/v2\/media\/5568"}],"wp:attachment":[{"href":"https:\/\/agora.xtec.cat\/ceip-ignasiiglesias-cornella\/wp-json\/wp\/v2\/media?parent=5575"}],"wp:term":[{"taxonomy":"category","embeddable":true,"href":"https:\/\/agora.xtec.cat\/ceip-ignasiiglesias-cornella\/wp-json\/wp\/v2\/categories?post=5575"},{"taxonomy":"post_tag","embeddable":true,"href":"https:\/\/agora.xtec.cat\/ceip-ignasiiglesias-cornella\/wp-json\/wp\/v2\/tags?post=5575"}],"curies":[{"name":"wp","href":"https:\/\/api.w.org\/{rel}","templated":true}]}}