{"id":5523,"date":"2021-04-24T12:06:25","date_gmt":"2021-04-24T10:06:25","guid":{"rendered":"http:\/\/agora.xtec.cat\/ceip-ignasiiglesias-cornella\/?p=5523"},"modified":"2021-05-09T23:23:08","modified_gmt":"2021-05-09T21:23:08","slug":"castell-de-cornella-p5","status":"publish","type":"post","link":"https:\/\/agora.xtec.cat\/ceip-ignasiiglesias-cornella\/general\/castell-de-cornella-p5\/","title":{"rendered":"P5. CASTELL DE CORNELL\u00c0"},"content":{"rendered":"<h3 style=\"text-align: center;\"><span style=\"color: #ff0000;\">UNA ALTRA LLEGENDA<\/span><\/h3>\n<p style=\"text-align: justify;\">Aquest DRAC t\u00e9 un al\u00e8 pudent i espanta a la gent, per\u00f2 al castell amb l&#8217;ajuda de les actrius i els actors l&#8217;hem ven\u00e7ut.\u00a0 \u00a0Per\u00f2&#8230; sense necessitat de lluites, el drac ha pogut explicar el que li passava i els vilatans han ent\u00e8s que podien conviure tots plegats.<\/p>\n<p style=\"text-align: justify;\">Ens hem d&#8217;escoltar per solucionar conflictes sense lluites<a href=\"https:\/\/agora.xtec.cat\/ceip-ignasiiglesias-cornella\/galeria-de-fotos-curs-2020-2021\/\"><img loading=\"lazy\" decoding=\"async\" class=\"aligncenter wp-image-5521 size-medium\" src=\"https:\/\/agora.xtec.cat\/ceip-ignasiiglesias-cornella\/wp-content\/uploads\/usu1592\/2021\/04\/drac-castell-298x300.jpg\" alt=\"\" width=\"298\" height=\"300\" srcset=\"https:\/\/agora.xtec.cat\/ceip-ignasiiglesias-cornella\/wp-content\/uploads\/usu1592\/2021\/04\/drac-castell-298x300.jpg 298w, https:\/\/agora.xtec.cat\/ceip-ignasiiglesias-cornella\/wp-content\/uploads\/usu1592\/2021\/04\/drac-castell-150x150.jpg 150w, https:\/\/agora.xtec.cat\/ceip-ignasiiglesias-cornella\/wp-content\/uploads\/usu1592\/2021\/04\/drac-castell-768x773.jpg 768w, https:\/\/agora.xtec.cat\/ceip-ignasiiglesias-cornella\/wp-content\/uploads\/usu1592\/2021\/04\/drac-castell-1017x1024.jpg 1017w, https:\/\/agora.xtec.cat\/ceip-ignasiiglesias-cornella\/wp-content\/uploads\/usu1592\/2021\/04\/drac-castell.jpg 1647w\" sizes=\"auto, (max-width: 298px) 100vw, 298px\" \/><br \/>\n<\/a><\/p>\n","protected":false},"excerpt":{"rendered":"<p>UNA ALTRA LLEGENDA<br \/>\nAquest DRAC t\u00e9 un al\u00e8 pudent i espanta a la gent, per\u00f2 al castell amb l&#8217;ajuda de les actrius i els actors l&#8217;hem ven\u00e7ut.\u00a0 \u00a0Per\u00f2&#8230; sense necessitat de lluites, el drac ha pogut explicar el que li passava i els vilatans han ent\u00e8s&hellip;  <a href=\"https:\/\/agora.xtec.cat\/ceip-ignasiiglesias-cornella\/general\/castell-de-cornella-p5\/\" title=\"Read P5. CASTELL DE CORNELL\u00c0\">Llegeix m\u00e9s\u00bb<\/a><\/p>\n","protected":false},"author":1,"featured_media":5521,"comment_status":"open","ping_status":"closed","sticky":false,"template":"","format":"standard","meta":{"_bbp_topic_count":0,"_bbp_reply_count":0,"_bbp_total_topic_count":0,"_bbp_total_reply_count":0,"_bbp_voice_count":0,"_bbp_anonymous_reply_count":0,"_bbp_topic_count_hidden":0,"_bbp_reply_count_hidden":0,"_bbp_forum_subforum_count":0,"footnotes":""},"categories":[1,2,9,4],"tags":[865,866,86,350],"class_list":["post-5523","post","type-post","status-publish","format-standard","has-post-thumbnail","hentry","category-general","category-infantil","category-p5","category-portada","tag-castell","tag-llegendadesant-jordi","tag-p5","tag-santjordi"],"post_mailing_queue_ids":[],"_links":{"self":[{"href":"https:\/\/agora.xtec.cat\/ceip-ignasiiglesias-cornella\/wp-json\/wp\/v2\/posts\/5523","targetHints":{"allow":["GET"]}}],"collection":[{"href":"https:\/\/agora.xtec.cat\/ceip-ignasiiglesias-cornella\/wp-json\/wp\/v2\/posts"}],"about":[{"href":"https:\/\/agora.xtec.cat\/ceip-ignasiiglesias-cornella\/wp-json\/wp\/v2\/types\/post"}],"author":[{"embeddable":true,"href":"https:\/\/agora.xtec.cat\/ceip-ignasiiglesias-cornella\/wp-json\/wp\/v2\/users\/1"}],"replies":[{"embeddable":true,"href":"https:\/\/agora.xtec.cat\/ceip-ignasiiglesias-cornella\/wp-json\/wp\/v2\/comments?post=5523"}],"version-history":[{"count":3,"href":"https:\/\/agora.xtec.cat\/ceip-ignasiiglesias-cornella\/wp-json\/wp\/v2\/posts\/5523\/revisions"}],"predecessor-version":[{"id":5581,"href":"https:\/\/agora.xtec.cat\/ceip-ignasiiglesias-cornella\/wp-json\/wp\/v2\/posts\/5523\/revisions\/5581"}],"wp:featuredmedia":[{"embeddable":true,"href":"https:\/\/agora.xtec.cat\/ceip-ignasiiglesias-cornella\/wp-json\/wp\/v2\/media\/5521"}],"wp:attachment":[{"href":"https:\/\/agora.xtec.cat\/ceip-ignasiiglesias-cornella\/wp-json\/wp\/v2\/media?parent=5523"}],"wp:term":[{"taxonomy":"category","embeddable":true,"href":"https:\/\/agora.xtec.cat\/ceip-ignasiiglesias-cornella\/wp-json\/wp\/v2\/categories?post=5523"},{"taxonomy":"post_tag","embeddable":true,"href":"https:\/\/agora.xtec.cat\/ceip-ignasiiglesias-cornella\/wp-json\/wp\/v2\/tags?post=5523"}],"curies":[{"name":"wp","href":"https:\/\/api.w.org\/{rel}","templated":true}]}}