{"id":5515,"date":"2021-04-27T13:35:03","date_gmt":"2021-04-27T11:35:03","guid":{"rendered":"http:\/\/agora.xtec.cat\/ceip-ignasiiglesias-cornella\/?p=5515"},"modified":"2021-04-27T13:35:03","modified_gmt":"2021-04-27T11:35:03","slug":"sant-jordi-2021","status":"publish","type":"post","link":"https:\/\/agora.xtec.cat\/ceip-ignasiiglesias-cornella\/general\/sant-jordi-2021\/","title":{"rendered":"SANT JORDI 2021"},"content":{"rendered":"<p style=\"text-align: justify;\"><strong>La diada de Sant Jordi a l&#8217;Ignasi ha sigut una gran festa de la que hem gaudit tots i totes!<\/strong><\/p>\n<p style=\"text-align: justify;\">Avui <strong>divendres 23 d&#8217;abril, \u00e9s la festa de Sant Jordi.<\/strong> Hem estat tot el dia fent diferents activitats relacionades amb aquest dia tan especial. Com cada any, hem fet els tallers tot i que per les condicions actuals ho hem hagut de fer per grups bombolla. Per aix\u00f2, totes les activitats s&#8217;han realitzat cada grup a la seva classe. Tot i aix\u00ed, l&#8217;alumnat de prim\u00e0ria, ha tingut la sort de poder fer l&#8217;activitat estrella per cicles al pati. Al mat\u00ed cicle inicial ha realitzat una manualitat d&#8217;un drac molt divertida, despr\u00e9s del pati l&#8217;alumnat de cicle mitj\u00e0 han fet una altra manualitat d&#8217;un drac amb un imant. A la tarda cicle superior ha fet el ball de bastons liderats per la Mireia. Pel que fa a infantil han estat fent activitats relacionades amb la festa de Sant Jordi al llarg de tota la setmana i avui han vingut disfressats per celebrar-ho.<\/p>\n<p style=\"text-align: justify;\"><strong>Per veure les fotos, visiteu la <a href=\"https:\/\/agora.xtec.cat\/ceip-ignasiiglesias-cornella\/galeria-de-fotos-curs-2020-2021\/\">galeria d\u2019imatges<\/a> de la p\u00e0gina web.<\/strong><\/p>\n<p style=\"text-align: justify;\"><a href=\"https:\/\/agora.xtec.cat\/ceip-ignasiiglesias-cornella\/wp-content\/uploads\/usu1592\/2021\/04\/DSC00235-min.jpg\"><img loading=\"lazy\" decoding=\"async\" class=\"wp-image-5518 aligncenter\" src=\"https:\/\/agora.xtec.cat\/ceip-ignasiiglesias-cornella\/wp-content\/uploads\/usu1592\/2021\/04\/DSC00235-min-768x1024.jpg\" alt=\"\" width=\"444\" height=\"592\" srcset=\"https:\/\/agora.xtec.cat\/ceip-ignasiiglesias-cornella\/wp-content\/uploads\/usu1592\/2021\/04\/DSC00235-min-768x1024.jpg 768w, https:\/\/agora.xtec.cat\/ceip-ignasiiglesias-cornella\/wp-content\/uploads\/usu1592\/2021\/04\/DSC00235-min-225x300.jpg 225w\" sizes=\"auto, (max-width: 444px) 100vw, 444px\" \/><\/a><\/p>\n<p>&nbsp;<\/p>\n","protected":false},"excerpt":{"rendered":"<p>La diada de Sant Jordi a l&#8217;Ignasi ha sigut una gran festa de la que hem gaudit tots i totes!<br \/>\nAvui divendres 23 d&#8217;abril, \u00e9s la festa de Sant Jordi. Hem estat tot el dia fent diferents activitats relacionades amb aquest dia tan especial. Com cada&hellip;  <a href=\"https:\/\/agora.xtec.cat\/ceip-ignasiiglesias-cornella\/general\/sant-jordi-2021\/\" title=\"Read SANT JORDI 2021\">Llegeix m\u00e9s\u00bb<\/a><\/p>\n","protected":false},"author":1,"featured_media":5517,"comment_status":"open","ping_status":"closed","sticky":false,"template":"","format":"standard","meta":{"_bbp_topic_count":0,"_bbp_reply_count":0,"_bbp_total_topic_count":0,"_bbp_total_reply_count":0,"_bbp_voice_count":0,"_bbp_anonymous_reply_count":0,"_bbp_topic_count_hidden":0,"_bbp_reply_count_hidden":0,"_bbp_forum_subforum_count":0,"footnotes":""},"categories":[10,12,14,1,2,3,8,9,4,5],"tags":[97,85,125,602,350],"class_list":["post-5515","post","type-post","status-publish","format-standard","has-post-thumbnail","hentry","category-cicle-inicial","category-cicle-mitja","category-cicle-superior","category-general","category-infantil","category-p3","category-p4","category-p5","category-portada","category-primaria","tag-ignasi-iglesias","tag-infantil","tag-primaria","tag-sant-jordi","tag-santjordi"],"post_mailing_queue_ids":[],"_links":{"self":[{"href":"https:\/\/agora.xtec.cat\/ceip-ignasiiglesias-cornella\/wp-json\/wp\/v2\/posts\/5515","targetHints":{"allow":["GET"]}}],"collection":[{"href":"https:\/\/agora.xtec.cat\/ceip-ignasiiglesias-cornella\/wp-json\/wp\/v2\/posts"}],"about":[{"href":"https:\/\/agora.xtec.cat\/ceip-ignasiiglesias-cornella\/wp-json\/wp\/v2\/types\/post"}],"author":[{"embeddable":true,"href":"https:\/\/agora.xtec.cat\/ceip-ignasiiglesias-cornella\/wp-json\/wp\/v2\/users\/1"}],"replies":[{"embeddable":true,"href":"https:\/\/agora.xtec.cat\/ceip-ignasiiglesias-cornella\/wp-json\/wp\/v2\/comments?post=5515"}],"version-history":[{"count":3,"href":"https:\/\/agora.xtec.cat\/ceip-ignasiiglesias-cornella\/wp-json\/wp\/v2\/posts\/5515\/revisions"}],"predecessor-version":[{"id":5533,"href":"https:\/\/agora.xtec.cat\/ceip-ignasiiglesias-cornella\/wp-json\/wp\/v2\/posts\/5515\/revisions\/5533"}],"wp:featuredmedia":[{"embeddable":true,"href":"https:\/\/agora.xtec.cat\/ceip-ignasiiglesias-cornella\/wp-json\/wp\/v2\/media\/5517"}],"wp:attachment":[{"href":"https:\/\/agora.xtec.cat\/ceip-ignasiiglesias-cornella\/wp-json\/wp\/v2\/media?parent=5515"}],"wp:term":[{"taxonomy":"category","embeddable":true,"href":"https:\/\/agora.xtec.cat\/ceip-ignasiiglesias-cornella\/wp-json\/wp\/v2\/categories?post=5515"},{"taxonomy":"post_tag","embeddable":true,"href":"https:\/\/agora.xtec.cat\/ceip-ignasiiglesias-cornella\/wp-json\/wp\/v2\/tags?post=5515"}],"curies":[{"name":"wp","href":"https:\/\/api.w.org\/{rel}","templated":true}]}}