{"id":5445,"date":"2021-04-12T12:05:37","date_gmt":"2021-04-12T10:05:37","guid":{"rendered":"http:\/\/agora.xtec.cat\/ceip-ignasiiglesias-cornella\/?p=5445"},"modified":"2021-05-10T10:27:11","modified_gmt":"2021-05-10T08:27:11","slug":"sortida-a-can-canadell-2","status":"publish","type":"post","link":"https:\/\/agora.xtec.cat\/ceip-ignasiiglesias-cornella\/general\/sortida-a-can-canadell-2\/","title":{"rendered":"2n. SORTIDA A CAN CANADELL"},"content":{"rendered":"<p><a href=\"https:\/\/agora.xtec.cat\/ceip-ignasiiglesias-cornella\/cicle-inicial-2020-2021\/\"><img loading=\"lazy\" decoding=\"async\" class=\" wp-image-5447 alignright\" src=\"https:\/\/agora.xtec.cat\/ceip-ignasiiglesias-cornella\/wp-content\/uploads\/usu1592\/2021\/04\/can_canadell02.jpg\" alt=\"\" width=\"342\" height=\"256\" srcset=\"https:\/\/agora.xtec.cat\/ceip-ignasiiglesias-cornella\/wp-content\/uploads\/usu1592\/2021\/04\/can_canadell02.jpg 600w, https:\/\/agora.xtec.cat\/ceip-ignasiiglesias-cornella\/wp-content\/uploads\/usu1592\/2021\/04\/can_canadell02-300x225.jpg 300w, https:\/\/agora.xtec.cat\/ceip-ignasiiglesias-cornella\/wp-content\/uploads\/usu1592\/2021\/04\/can_canadell02-200x150.jpg 200w\" sizes=\"auto, (max-width: 342px) 100vw, 342px\" \/><\/a>Estimades fam\u00edlies,<\/p>\n<p>El passat 9 d\u2019abril, els nens i nenes de segon ens ho vam passar molt b\u00e9 a Can Canadell. Vam fer un taller de samarretes molt xulo decorant-les amb animals que estem estudiant des de l&#8217;\u00e0rea de Coneixement del Medi Natural. A m\u00e9s a m\u00e9s, vam poder tenir estones de joc dirigit i gaudir dels paisatges naturals de la zona, per poder carregar piles. Va ser molt divertit, ho voleu veure?<\/p>\n<p>Cliqueu la imatge o visiteu la galeria d\u2019imatges de la p\u00e0gina web.<\/p>\n","protected":false},"excerpt":{"rendered":"<p><a href=\"https:\/\/agora.xtec.cat\/ceip-ignasiiglesias-cornella\/cicle-inicial-2020-2021\/\"><\/a>Estimades fam\u00edlies,<br \/>\nEl passat 9 d\u2019abril, els nens i nenes de segon ens ho vam passar molt b\u00e9 a Can Canadell. Vam fer un taller de samarretes molt xulo decorant-les amb animals que estem estudiant des de l&#8217;\u00e0rea de Coneixement del Medi Natural. A m\u00e9s&hellip;  <a href=\"https:\/\/agora.xtec.cat\/ceip-ignasiiglesias-cornella\/general\/sortida-a-can-canadell-2\/\" title=\"Read 2n. SORTIDA A CAN CANADELL\">Llegeix m\u00e9s\u00bb<\/a><\/p>\n","protected":false},"author":1,"featured_media":5447,"comment_status":"open","ping_status":"closed","sticky":false,"template":"","format":"standard","meta":{"_bbp_topic_count":0,"_bbp_reply_count":0,"_bbp_total_topic_count":0,"_bbp_total_reply_count":0,"_bbp_voice_count":0,"_bbp_anonymous_reply_count":0,"_bbp_topic_count_hidden":0,"_bbp_reply_count_hidden":0,"_bbp_forum_subforum_count":0,"footnotes":""},"categories":[10,1,4,5],"tags":[669,856,125,101],"class_list":["post-5445","post","type-post","status-publish","format-standard","has-post-thumbnail","hentry","category-cicle-inicial","category-general","category-portada","category-primaria","tag-can-canadell","tag-ci","tag-primaria","tag-segon"],"post_mailing_queue_ids":[],"_links":{"self":[{"href":"https:\/\/agora.xtec.cat\/ceip-ignasiiglesias-cornella\/wp-json\/wp\/v2\/posts\/5445","targetHints":{"allow":["GET"]}}],"collection":[{"href":"https:\/\/agora.xtec.cat\/ceip-ignasiiglesias-cornella\/wp-json\/wp\/v2\/posts"}],"about":[{"href":"https:\/\/agora.xtec.cat\/ceip-ignasiiglesias-cornella\/wp-json\/wp\/v2\/types\/post"}],"author":[{"embeddable":true,"href":"https:\/\/agora.xtec.cat\/ceip-ignasiiglesias-cornella\/wp-json\/wp\/v2\/users\/1"}],"replies":[{"embeddable":true,"href":"https:\/\/agora.xtec.cat\/ceip-ignasiiglesias-cornella\/wp-json\/wp\/v2\/comments?post=5445"}],"version-history":[{"count":4,"href":"https:\/\/agora.xtec.cat\/ceip-ignasiiglesias-cornella\/wp-json\/wp\/v2\/posts\/5445\/revisions"}],"predecessor-version":[{"id":5594,"href":"https:\/\/agora.xtec.cat\/ceip-ignasiiglesias-cornella\/wp-json\/wp\/v2\/posts\/5445\/revisions\/5594"}],"wp:featuredmedia":[{"embeddable":true,"href":"https:\/\/agora.xtec.cat\/ceip-ignasiiglesias-cornella\/wp-json\/wp\/v2\/media\/5447"}],"wp:attachment":[{"href":"https:\/\/agora.xtec.cat\/ceip-ignasiiglesias-cornella\/wp-json\/wp\/v2\/media?parent=5445"}],"wp:term":[{"taxonomy":"category","embeddable":true,"href":"https:\/\/agora.xtec.cat\/ceip-ignasiiglesias-cornella\/wp-json\/wp\/v2\/categories?post=5445"},{"taxonomy":"post_tag","embeddable":true,"href":"https:\/\/agora.xtec.cat\/ceip-ignasiiglesias-cornella\/wp-json\/wp\/v2\/tags?post=5445"}],"curies":[{"name":"wp","href":"https:\/\/api.w.org\/{rel}","templated":true}]}}