{"id":544,"date":"2017-03-02T10:37:12","date_gmt":"2017-03-02T09:37:12","guid":{"rendered":"http:\/\/agora.xtec.cat\/ceip-ignasiiglesias-cornella\/?p=544"},"modified":"2017-11-03T21:01:50","modified_gmt":"2017-11-03T20:01:50","slug":"rua-carnaval-2017","status":"publish","type":"post","link":"https:\/\/agora.xtec.cat\/ceip-ignasiiglesias-cornella\/infantil\/p3\/rua-carnaval-2017\/","title":{"rendered":"Rua de Carnaval 2017"},"content":{"rendered":"<p>La pluja no ens ha deixat sense Rua de Carnaval, l&#8217;hem feta al pavell\u00f3 del costat de l&#8217;escola. Gr\u00e0cies a la col\u00b7laboraci\u00f3 d&#8217;uns pares aqu\u00ed teniu les fotos que s&#8217;han fet a les classes d&#8217;Infantil i les del pavell\u00f3. Properament penjarem les de prim\u00e0ria<\/p>\n<p><iframe loading=\"lazy\" src=\"https:\/\/www.youtube.com\/embed\/xAXvqAFd0JE\" width=\"360\" height=\"225\" frameborder=\"0\" allowfullscreen=\"allowfullscreen\"><\/iframe><\/p>\n","protected":false},"excerpt":{"rendered":"<p>La pluja no ens ha deixat sense Rua de Carnaval, l&#8217;hem feta al pavell\u00f3 del costat de l&#8217;escola. Gr\u00e0cies a la col\u00b7laboraci\u00f3 d&#8217;uns pares aqu\u00ed teniu les fotos que s&#8217;han fet a les classes d&#8217;Infantil i les del pavell\u00f3. Properament penjarem les de prim\u00e0ria<\/p>\n","protected":false},"author":1,"featured_media":0,"comment_status":"open","ping_status":"closed","sticky":false,"template":"","format":"standard","meta":{"_bbp_topic_count":0,"_bbp_reply_count":0,"_bbp_total_topic_count":0,"_bbp_total_reply_count":0,"_bbp_voice_count":0,"_bbp_anonymous_reply_count":0,"_bbp_topic_count_hidden":0,"_bbp_reply_count_hidden":0,"_bbp_forum_subforum_count":0,"footnotes":""},"categories":[3,8,4],"tags":[61,57],"class_list":["post-544","post","type-post","status-publish","format-standard","hentry","category-p3","category-p4","category-portada","tag-carnaval","tag-carnestoltes"],"post_mailing_queue_ids":[],"_links":{"self":[{"href":"https:\/\/agora.xtec.cat\/ceip-ignasiiglesias-cornella\/wp-json\/wp\/v2\/posts\/544","targetHints":{"allow":["GET"]}}],"collection":[{"href":"https:\/\/agora.xtec.cat\/ceip-ignasiiglesias-cornella\/wp-json\/wp\/v2\/posts"}],"about":[{"href":"https:\/\/agora.xtec.cat\/ceip-ignasiiglesias-cornella\/wp-json\/wp\/v2\/types\/post"}],"author":[{"embeddable":true,"href":"https:\/\/agora.xtec.cat\/ceip-ignasiiglesias-cornella\/wp-json\/wp\/v2\/users\/1"}],"replies":[{"embeddable":true,"href":"https:\/\/agora.xtec.cat\/ceip-ignasiiglesias-cornella\/wp-json\/wp\/v2\/comments?post=544"}],"version-history":[{"count":2,"href":"https:\/\/agora.xtec.cat\/ceip-ignasiiglesias-cornella\/wp-json\/wp\/v2\/posts\/544\/revisions"}],"predecessor-version":[{"id":547,"href":"https:\/\/agora.xtec.cat\/ceip-ignasiiglesias-cornella\/wp-json\/wp\/v2\/posts\/544\/revisions\/547"}],"wp:attachment":[{"href":"https:\/\/agora.xtec.cat\/ceip-ignasiiglesias-cornella\/wp-json\/wp\/v2\/media?parent=544"}],"wp:term":[{"taxonomy":"category","embeddable":true,"href":"https:\/\/agora.xtec.cat\/ceip-ignasiiglesias-cornella\/wp-json\/wp\/v2\/categories?post=544"},{"taxonomy":"post_tag","embeddable":true,"href":"https:\/\/agora.xtec.cat\/ceip-ignasiiglesias-cornella\/wp-json\/wp\/v2\/tags?post=544"}],"curies":[{"name":"wp","href":"https:\/\/api.w.org\/{rel}","templated":true}]}}