{"id":5438,"date":"2021-03-25T13:13:42","date_gmt":"2021-03-25T12:13:42","guid":{"rendered":"http:\/\/agora.xtec.cat\/ceip-ignasiiglesias-cornella\/?p=5438"},"modified":"2021-04-13T13:24:39","modified_gmt":"2021-04-13T11:24:39","slug":"happy-easter","status":"publish","type":"post","link":"https:\/\/agora.xtec.cat\/ceip-ignasiiglesias-cornella\/portada\/happy-easter\/","title":{"rendered":"HAPPY EASTER!"},"content":{"rendered":"<p><span style=\"font-weight: 400;\"><strong>Aquesta \u00faltima setmana del 2n trimestre hem estat treballant la pasqua a l\u2019assignatura d\u2019angl\u00e8s.<\/strong> Hem fet jocs, sopes de lletres i hem pintat ous, conills de pasqua, cistelles&#8230; ens ho hem passat molt b\u00e9!<\/span><\/p>\n<p><span style=\"font-weight: 400;\">A les classes de <\/span><b>P5<\/b><span style=\"font-weight: 400;\"> els alumnes han escoltat can\u00e7ons t\u00edpiques de pasqua en angl\u00e8s i despr\u00e9s han fet una activitat en la qual decoraven ous utilitzant diversos materials (rotuladors, t\u00e9mperes, enganxines, paper de seda&#8230;). Aqu\u00ed podeu veure les fotos de com han quedat els ous de pasqua:<\/span><\/p>\n<p><a href=\"https:\/\/photos.app.goo.gl\/aa4XWRAhzM4LLD4f9\">Fotos P5<\/a><\/p>\n<p><span style=\"font-weight: 400;\">A <\/span><b>1r de Prim\u00e0ria<\/b><span style=\"font-weight: 400;\"> tamb\u00e9 han escoltat can\u00e7ons t\u00edpiques de pasqua en angl\u00e8s i, a m\u00e9s a m\u00e9s, cada alumne ha pintat un minibook de pasqua. Han gaudit molt amb l\u2019activitat! Aqu\u00ed podeu veure algunes fotos dels minibooks:<\/span><\/p>\n<p><span style=\"font-weight: 400;\">Als cursos de <\/span><b>2n i 3r de Prim\u00e0ria<\/b><span style=\"font-weight: 400;\"> han fet jocs, sopes de lletres i els alumnes han apr\u00e8s una mica m\u00e9s sobre la pasqua (qui la celebra, perqu\u00e8 es celebra\u2026). Cada alumne ha escollit i ha pintat un dibuix; un ou, una cistella, un conill, un estel o un pollet de pasqua i els han posat al mural quedant aix\u00ed de bonic!<\/span><\/p>\n<p><a href=\"https:\/\/photos.app.goo.gl\/jB26T2Q2WDaiXf3EA\">Fotos 1er i 2n<\/a><\/p>\n<p><strong>Bones vacances a tothom!<a href=\"https:\/\/agora.xtec.cat\/ceip-ignasiiglesias-cornella\/wp-content\/uploads\/usu1592\/2021\/04\/WhatsApp-Image-2021-04-08-at-13.34.02-1.jpeg\"><img loading=\"lazy\" decoding=\"async\" class=\"alignnone size-large wp-image-5463\" src=\"https:\/\/agora.xtec.cat\/ceip-ignasiiglesias-cornella\/wp-content\/uploads\/usu1592\/2021\/04\/WhatsApp-Image-2021-04-08-at-13.34.02-1-1024x844.jpeg\" alt=\"\" width=\"1024\" height=\"844\" srcset=\"https:\/\/agora.xtec.cat\/ceip-ignasiiglesias-cornella\/wp-content\/uploads\/usu1592\/2021\/04\/WhatsApp-Image-2021-04-08-at-13.34.02-1-1024x844.jpeg 1024w, https:\/\/agora.xtec.cat\/ceip-ignasiiglesias-cornella\/wp-content\/uploads\/usu1592\/2021\/04\/WhatsApp-Image-2021-04-08-at-13.34.02-1-300x247.jpeg 300w, https:\/\/agora.xtec.cat\/ceip-ignasiiglesias-cornella\/wp-content\/uploads\/usu1592\/2021\/04\/WhatsApp-Image-2021-04-08-at-13.34.02-1-768x633.jpeg 768w, https:\/\/agora.xtec.cat\/ceip-ignasiiglesias-cornella\/wp-content\/uploads\/usu1592\/2021\/04\/WhatsApp-Image-2021-04-08-at-13.34.02-1.jpeg 1488w\" sizes=\"auto, (max-width: 1024px) 100vw, 1024px\" \/><\/a><\/strong><\/p>\n","protected":false},"excerpt":{"rendered":"<p>Aquesta \u00faltima setmana del 2n trimestre hem estat treballant la pasqua a l\u2019assignatura d\u2019angl\u00e8s. Hem fet jocs, sopes de lletres i hem pintat ous, conills de pasqua, cistelles&#8230; ens ho hem passat molt b\u00e9!<br \/>\nA les classes de P5 els alumnes han escoltat can\u00e7ons t\u00edpiques de&hellip;  <a href=\"https:\/\/agora.xtec.cat\/ceip-ignasiiglesias-cornella\/portada\/happy-easter\/\" title=\"Read HAPPY EASTER!\">Llegeix m\u00e9s\u00bb<\/a><\/p>\n","protected":false},"author":1,"featured_media":5463,"comment_status":"open","ping_status":"closed","sticky":false,"template":"","format":"standard","meta":{"_bbp_topic_count":0,"_bbp_reply_count":0,"_bbp_total_topic_count":0,"_bbp_total_reply_count":0,"_bbp_voice_count":0,"_bbp_anonymous_reply_count":0,"_bbp_topic_count_hidden":0,"_bbp_reply_count_hidden":0,"_bbp_forum_subforum_count":0,"footnotes":""},"categories":[10,9,4],"tags":[137,857,85,858],"class_list":["post-5438","post","type-post","status-publish","format-standard","has-post-thumbnail","hentry","category-cicle-inicial","category-p5","category-portada","tag-cicle-inicial","tag-easter","tag-infantil","tag-pasqua"],"post_mailing_queue_ids":[],"_links":{"self":[{"href":"https:\/\/agora.xtec.cat\/ceip-ignasiiglesias-cornella\/wp-json\/wp\/v2\/posts\/5438","targetHints":{"allow":["GET"]}}],"collection":[{"href":"https:\/\/agora.xtec.cat\/ceip-ignasiiglesias-cornella\/wp-json\/wp\/v2\/posts"}],"about":[{"href":"https:\/\/agora.xtec.cat\/ceip-ignasiiglesias-cornella\/wp-json\/wp\/v2\/types\/post"}],"author":[{"embeddable":true,"href":"https:\/\/agora.xtec.cat\/ceip-ignasiiglesias-cornella\/wp-json\/wp\/v2\/users\/1"}],"replies":[{"embeddable":true,"href":"https:\/\/agora.xtec.cat\/ceip-ignasiiglesias-cornella\/wp-json\/wp\/v2\/comments?post=5438"}],"version-history":[{"count":4,"href":"https:\/\/agora.xtec.cat\/ceip-ignasiiglesias-cornella\/wp-json\/wp\/v2\/posts\/5438\/revisions"}],"predecessor-version":[{"id":5465,"href":"https:\/\/agora.xtec.cat\/ceip-ignasiiglesias-cornella\/wp-json\/wp\/v2\/posts\/5438\/revisions\/5465"}],"wp:featuredmedia":[{"embeddable":true,"href":"https:\/\/agora.xtec.cat\/ceip-ignasiiglesias-cornella\/wp-json\/wp\/v2\/media\/5463"}],"wp:attachment":[{"href":"https:\/\/agora.xtec.cat\/ceip-ignasiiglesias-cornella\/wp-json\/wp\/v2\/media?parent=5438"}],"wp:term":[{"taxonomy":"category","embeddable":true,"href":"https:\/\/agora.xtec.cat\/ceip-ignasiiglesias-cornella\/wp-json\/wp\/v2\/categories?post=5438"},{"taxonomy":"post_tag","embeddable":true,"href":"https:\/\/agora.xtec.cat\/ceip-ignasiiglesias-cornella\/wp-json\/wp\/v2\/tags?post=5438"}],"curies":[{"name":"wp","href":"https:\/\/api.w.org\/{rel}","templated":true}]}}