{"id":5301,"date":"2021-03-16T23:14:06","date_gmt":"2021-03-16T22:14:06","guid":{"rendered":"http:\/\/agora.xtec.cat\/ceip-ignasiiglesias-cornella\/?p=5301"},"modified":"2021-03-16T23:14:06","modified_gmt":"2021-03-16T22:14:06","slug":"8m-dia-internacional-de-les-dones","status":"publish","type":"post","link":"https:\/\/agora.xtec.cat\/ceip-ignasiiglesias-cornella\/general\/8m-dia-internacional-de-les-dones\/","title":{"rendered":"8M Dia Internacional de les Dones."},"content":{"rendered":"<p>El passat 8 de mar\u00e7 va ser el Dia Internacional de les Dones. Igualtat, respecte i coeducaci\u00f3 s\u00f3n aspectes que es treballen constantment a la nostra escola, per\u00f2 en dies assenyalats com el 8M ens agrada fer-hi\u00a0 \u00e8mfasi a partir de diferents propostes. A continuaci\u00f3 us en fem cinc c\u00e8ntims:<\/p>\n<p>A P3, P4 i P5, els infants han fet un mural ple de mans liles estampades. Amb una m\u00e0 blava i l&#8217;altra rosa, han obtingut la seva petjada lila. Han guarnit l&#8217;escola amb cintes liles i han parlat de les mares. Cada grup, a m\u00e9s,\u00a0 ha fet una pe\u00e7a d&#8217; un trencaclosques gegant amb les paraules &#8220;respecte&#8221;, &#8220;amor&#8221;, &#8220;llibertat&#8221;, &#8220;igualtat&#8221;, &#8220;lluita&#8221; i &#8220;educaci\u00f3&#8221;.<\/p>\n<p>A Cicle Inicial, els infants han fet un escrit de les dones de la seva vida. Tamb\u00e9 han reflexionat a partir d&#8217; una pr\u00e0ctica en la que barrejaven el color blau i el rosa per obtenir el lila, color de la igualtat. S&#8217;ha\u00a0 realitzat la lectura i debat del conte <a href=\"https:\/\/youtu.be\/P7lmcEjCKKg\" target=\"_blank\" rel=\"noopener noreferrer\">&#8220;Rosa Caramel&#8221;<\/a>. Finalment, han debatut i reflexionat tamb\u00e9 sobre els estereotips dels oficis, esports, joguines&#8230;<\/p>\n<p>A Cicle Mitj\u00e0, s&#8217; ha treballat a partir de la lletra de la can\u00e7\u00f3 <a href=\"https:\/\/youtu.be\/lqwnuWWs5i4\" target=\"_blank\" rel=\"noopener noreferrer\">MUJERES<\/a> de la Julieta Venegas. Tamb\u00e9 han realitzat una cerca d&#8217; informaci\u00f3 sobre dones que han canviat el m\u00f3n en diferents \u00e0mbits: art\u00edstic, cient\u00edfic, literari, etc i han realitzat una fitxa biogr\u00e0fica acompanyada d&#8217; un lla\u00e7 lila, s\u00edmbol de lluita pels drets i la igualtat de les dones.<\/p>\n<p>A Cicle Superior, s&#8217;ha treballat per a visibilitzar aquelles dones, d\u2019un temps passat o contemporani, a les quals han silenciat els seus m\u00e8rits, precisament per la seva condici\u00f3 de dona. En petit grup, han realitzat una fitxa que ha servit per a realitzar el mural de les Dones Ignorades. Tamb\u00e9 han treballat la lletra de la can\u00e7\u00f3 MUJERES de la Julieta Venegas aix\u00ed com reflexionat i debatut sobre el paper de la dona i els mites de l&#8217;amor rom\u00e0ntic que hem interioritzat a partir dels <a href=\"https:\/\/youtu.be\/4dgKwzPSUPs\" target=\"_blank\" rel=\"noopener noreferrer\">contes<\/a> i <a href=\"https:\/\/youtu.be\/d0smB63Xrp8\" target=\"_blank\" rel=\"noopener noreferrer\">pel\u00b7l\u00edcules<\/a> infantils.<\/p>\n<p>Per veure una mostra de les activitats que s&#8217; han dut a terme al centre amb motiu del 8M, Dia Internacional de les Dones, cliqueu la imatge:<\/p>\n<p><a href=\"https:\/\/photos.app.goo.gl\/CDx55YaTiTv8R7je7\" target=\"_blank\" rel=\"noopener noreferrer\"><img loading=\"lazy\" decoding=\"async\" class=\"aligncenter wp-image-5302 size-medium\" src=\"https:\/\/agora.xtec.cat\/ceip-ignasiiglesias-cornella\/wp-content\/uploads\/usu1592\/2021\/03\/8m-300x204.png\" alt=\"\" width=\"300\" height=\"204\" srcset=\"https:\/\/agora.xtec.cat\/ceip-ignasiiglesias-cornella\/wp-content\/uploads\/usu1592\/2021\/03\/8m-300x205.png 300w, https:\/\/agora.xtec.cat\/ceip-ignasiiglesias-cornella\/wp-content\/uploads\/usu1592\/2021\/03\/8m.png 301w\" sizes=\"auto, (max-width: 300px) 100vw, 300px\" \/><\/a><\/p>\n","protected":false},"excerpt":{"rendered":"<p>El passat 8 de mar\u00e7 va ser el Dia Internacional de les Dones. Igualtat, respecte i coeducaci\u00f3 s\u00f3n aspectes que es treballen constantment a la nostra escola, per\u00f2 en dies assenyalats com el 8M ens agrada fer-hi\u00a0 \u00e8mfasi a partir de diferents propostes. A continuaci\u00f3&hellip;  <a href=\"https:\/\/agora.xtec.cat\/ceip-ignasiiglesias-cornella\/general\/8m-dia-internacional-de-les-dones\/\" title=\"Read 8M Dia Internacional de les Dones.\">Llegeix m\u00e9s\u00bb<\/a><\/p>\n","protected":false},"author":4,"featured_media":5302,"comment_status":"open","ping_status":"closed","sticky":false,"template":"","format":"standard","meta":{"_bbp_topic_count":0,"_bbp_reply_count":0,"_bbp_total_topic_count":0,"_bbp_total_reply_count":0,"_bbp_voice_count":0,"_bbp_anonymous_reply_count":0,"_bbp_topic_count_hidden":0,"_bbp_reply_count_hidden":0,"_bbp_forum_subforum_count":0,"footnotes":""},"categories":[10,12,14,1,3,8,9,4],"tags":[848,715,145,849],"class_list":["post-5301","post","type-post","status-publish","format-standard","has-post-thumbnail","hentry","category-cicle-inicial","category-cicle-mitja","category-cicle-superior","category-general","category-p3","category-p4","category-p5","category-portada","tag-8m","tag-dona","tag-dones","tag-igualtat"],"post_mailing_queue_ids":[],"_links":{"self":[{"href":"https:\/\/agora.xtec.cat\/ceip-ignasiiglesias-cornella\/wp-json\/wp\/v2\/posts\/5301","targetHints":{"allow":["GET"]}}],"collection":[{"href":"https:\/\/agora.xtec.cat\/ceip-ignasiiglesias-cornella\/wp-json\/wp\/v2\/posts"}],"about":[{"href":"https:\/\/agora.xtec.cat\/ceip-ignasiiglesias-cornella\/wp-json\/wp\/v2\/types\/post"}],"author":[{"embeddable":true,"href":"https:\/\/agora.xtec.cat\/ceip-ignasiiglesias-cornella\/wp-json\/wp\/v2\/users\/4"}],"replies":[{"embeddable":true,"href":"https:\/\/agora.xtec.cat\/ceip-ignasiiglesias-cornella\/wp-json\/wp\/v2\/comments?post=5301"}],"version-history":[{"count":3,"href":"https:\/\/agora.xtec.cat\/ceip-ignasiiglesias-cornella\/wp-json\/wp\/v2\/posts\/5301\/revisions"}],"predecessor-version":[{"id":5338,"href":"https:\/\/agora.xtec.cat\/ceip-ignasiiglesias-cornella\/wp-json\/wp\/v2\/posts\/5301\/revisions\/5338"}],"wp:featuredmedia":[{"embeddable":true,"href":"https:\/\/agora.xtec.cat\/ceip-ignasiiglesias-cornella\/wp-json\/wp\/v2\/media\/5302"}],"wp:attachment":[{"href":"https:\/\/agora.xtec.cat\/ceip-ignasiiglesias-cornella\/wp-json\/wp\/v2\/media?parent=5301"}],"wp:term":[{"taxonomy":"category","embeddable":true,"href":"https:\/\/agora.xtec.cat\/ceip-ignasiiglesias-cornella\/wp-json\/wp\/v2\/categories?post=5301"},{"taxonomy":"post_tag","embeddable":true,"href":"https:\/\/agora.xtec.cat\/ceip-ignasiiglesias-cornella\/wp-json\/wp\/v2\/tags?post=5301"}],"curies":[{"name":"wp","href":"https:\/\/api.w.org\/{rel}","templated":true}]}}