{"id":5294,"date":"2021-03-16T10:31:56","date_gmt":"2021-03-16T09:31:56","guid":{"rendered":"http:\/\/agora.xtec.cat\/ceip-ignasiiglesias-cornella\/?p=5294"},"modified":"2021-03-16T10:31:56","modified_gmt":"2021-03-16T09:31:56","slug":"5e-sortida-al-delta-del-llobregat","status":"publish","type":"post","link":"https:\/\/agora.xtec.cat\/ceip-ignasiiglesias-cornella\/portada\/5e-sortida-al-delta-del-llobregat\/","title":{"rendered":"5\u00e8 Sortida al delta del Llobregat"},"content":{"rendered":"<p><strong>Sortida al delta del LLobregat<\/strong><\/p>\n<p>Aquesta ha estat la nostra primera sortida d&#8217;un dia. La primera part la vam dedicar a l&#8217;activitat guiada pel delta, i en dinar, vam poder disfrutar d&#8217;una estona de joc en un entorn verd i tranquil.<\/p>\n<p>Encara que l&#8217;indret era proper i conegut per alguns i algunes, (el Prat), ning\u00fa havia descobert abans els secrets que amaga aquest espai protegit on, especialment les aus, troben un context on viure respectades i en llibertat.<\/p>\n<p>Els dos grups van fer un recorregut a peu pel parc del delta, que ens va fer obrir la gana i va posar de manifest, la falta de costum de caminar llarga estona d&#8217;alguns infants&#8230; Tot i aix\u00ed, les explicacions de les persones especialitzades van copsar la nostra atenci\u00f3 i vam gaudir d&#8217;un passeig per la natura on a m\u00e9s d&#8217;aus, vegetaci\u00f3 i part del riu, vam veure cabretes pasturant i algun cavall.<\/p>\n<p>&nbsp;<\/p>\n<p>L&#8217;activitat amb m\u00e9s \u00e8xit fou la d&#8217;observar des d&#8217;un amagatall. L&#8217;espai era una caseta de fusta amb unas finestres petites i allargades. Tothom tenia llargavistes per poder observar, i amb un full amb les fotografies de les aus, podiem localitzar els diferents ocells quan aterraven a la vora del riu.<\/p>\n<p>Ens van haver d&#8217;insistir molt sobre el nostre to de veu, la manca de silenci, els sorolls estridents&#8230;en definitiva, totes aquelles sonoritats que podien espantar les aus. Potser arrel d&#8217;aix\u00f2, alguns vam prendre consci\u00e8ncia de com incidim en el nostre entorn i en l&#8217;habitat natural d&#8217;alguns animals.<\/p>\n<p style=\"font-family: 'Helvetica Neue', Helvetica, Helvetica, Arial, sans-serif; font-size: 16px;\">\n<p>Per veure m\u00e9s imatges cliqueu la foto, o visiteu la galeria d&#8217; imatges de la web.<\/p>\n<p style=\"font-family: 'Helvetica Neue', Helvetica, Helvetica, Arial, sans-serif; font-size: 16px;\"><strong><a href=\"https:\/\/agora.xtec.cat\/ceip-ignasiiglesias-cornella\/cicle-superior-2020-2021\/\" target=\"_blank\" rel=\"noopener noreferrer\"><img loading=\"lazy\" decoding=\"async\" class=\"aligncenter wp-image-5298 size-medium\" src=\"https:\/\/agora.xtec.cat\/ceip-ignasiiglesias-cornella\/wp-content\/uploads\/usu1592\/2021\/03\/delta-5\u00e8A-14-300x225.jpeg\" alt=\"\" width=\"300\" height=\"225\" srcset=\"https:\/\/agora.xtec.cat\/ceip-ignasiiglesias-cornella\/wp-content\/uploads\/usu1592\/2021\/03\/delta-5\u00e8A-14-300x225.jpeg 300w, https:\/\/agora.xtec.cat\/ceip-ignasiiglesias-cornella\/wp-content\/uploads\/usu1592\/2021\/03\/delta-5\u00e8A-14-768x576.jpeg 768w, https:\/\/agora.xtec.cat\/ceip-ignasiiglesias-cornella\/wp-content\/uploads\/usu1592\/2021\/03\/delta-5\u00e8A-14-1024x768.jpeg 1024w, https:\/\/agora.xtec.cat\/ceip-ignasiiglesias-cornella\/wp-content\/uploads\/usu1592\/2021\/03\/delta-5\u00e8A-14-200x150.jpeg 200w, https:\/\/agora.xtec.cat\/ceip-ignasiiglesias-cornella\/wp-content\/uploads\/usu1592\/2021\/03\/delta-5\u00e8A-14.jpeg 2048w\" sizes=\"auto, (max-width: 300px) 100vw, 300px\" \/><\/a><\/strong><\/p>\n<p><strong>\u00a0<\/strong><\/p>\n","protected":false},"excerpt":{"rendered":"<p>Sortida al delta del LLobregat<br \/>\nAquesta ha estat la nostra primera sortida d&#8217;un dia. La primera part la vam dedicar a l&#8217;activitat guiada pel delta, i en dinar, vam poder disfrutar d&#8217;una estona de joc en un entorn verd i tranquil.<br \/>\nEncara que l&#8217;indret era proper i&hellip;  <a href=\"https:\/\/agora.xtec.cat\/ceip-ignasiiglesias-cornella\/portada\/5e-sortida-al-delta-del-llobregat\/\" title=\"Read 5\u00e8 Sortida al delta del Llobregat\">Llegeix m\u00e9s\u00bb<\/a><\/p>\n","protected":false},"author":1,"featured_media":5298,"comment_status":"open","ping_status":"closed","sticky":false,"template":"","format":"standard","meta":{"_bbp_topic_count":0,"_bbp_reply_count":0,"_bbp_total_topic_count":0,"_bbp_total_reply_count":0,"_bbp_voice_count":0,"_bbp_anonymous_reply_count":0,"_bbp_topic_count_hidden":0,"_bbp_reply_count_hidden":0,"_bbp_forum_subforum_count":0,"footnotes":""},"categories":[14,4,5],"tags":[360,847,141],"class_list":["post-5294","post","type-post","status-publish","format-standard","has-post-thumbnail","hentry","category-cicle-superior","category-portada","category-primaria","tag-llobregat","tag-selta","tag-sortida"],"post_mailing_queue_ids":[],"_links":{"self":[{"href":"https:\/\/agora.xtec.cat\/ceip-ignasiiglesias-cornella\/wp-json\/wp\/v2\/posts\/5294","targetHints":{"allow":["GET"]}}],"collection":[{"href":"https:\/\/agora.xtec.cat\/ceip-ignasiiglesias-cornella\/wp-json\/wp\/v2\/posts"}],"about":[{"href":"https:\/\/agora.xtec.cat\/ceip-ignasiiglesias-cornella\/wp-json\/wp\/v2\/types\/post"}],"author":[{"embeddable":true,"href":"https:\/\/agora.xtec.cat\/ceip-ignasiiglesias-cornella\/wp-json\/wp\/v2\/users\/1"}],"replies":[{"embeddable":true,"href":"https:\/\/agora.xtec.cat\/ceip-ignasiiglesias-cornella\/wp-json\/wp\/v2\/comments?post=5294"}],"version-history":[{"count":2,"href":"https:\/\/agora.xtec.cat\/ceip-ignasiiglesias-cornella\/wp-json\/wp\/v2\/posts\/5294\/revisions"}],"predecessor-version":[{"id":5300,"href":"https:\/\/agora.xtec.cat\/ceip-ignasiiglesias-cornella\/wp-json\/wp\/v2\/posts\/5294\/revisions\/5300"}],"wp:featuredmedia":[{"embeddable":true,"href":"https:\/\/agora.xtec.cat\/ceip-ignasiiglesias-cornella\/wp-json\/wp\/v2\/media\/5298"}],"wp:attachment":[{"href":"https:\/\/agora.xtec.cat\/ceip-ignasiiglesias-cornella\/wp-json\/wp\/v2\/media?parent=5294"}],"wp:term":[{"taxonomy":"category","embeddable":true,"href":"https:\/\/agora.xtec.cat\/ceip-ignasiiglesias-cornella\/wp-json\/wp\/v2\/categories?post=5294"},{"taxonomy":"post_tag","embeddable":true,"href":"https:\/\/agora.xtec.cat\/ceip-ignasiiglesias-cornella\/wp-json\/wp\/v2\/tags?post=5294"}],"curies":[{"name":"wp","href":"https:\/\/api.w.org\/{rel}","templated":true}]}}