{"id":5268,"date":"2021-02-25T13:15:33","date_gmt":"2021-02-25T12:15:33","guid":{"rendered":"http:\/\/agora.xtec.cat\/ceip-ignasiiglesias-cornella\/?p=5268"},"modified":"2021-06-25T12:48:29","modified_gmt":"2021-06-25T10:48:29","slug":"preinscripcio-del-curs-2021-2022","status":"publish","type":"post","link":"https:\/\/agora.xtec.cat\/ceip-ignasiiglesias-cornella\/general\/preinscripcio-del-curs-2021-2022\/","title":{"rendered":"Preinscripci\u00f3  2021-2022"},"content":{"rendered":"<p>El per\u00edode de preinscripci\u00f3 per al curs <strong>2021-2022<\/strong> es podr\u00e0 fer de forma<strong> telem\u00e0tica<\/strong> del <strong>15 al 24 de Mar\u00e7<\/strong>.<\/p>\n<p>Podeu trobar tota la informaci\u00f3 clicant sobre la seg\u00fcent imatge que enlla\u00e7a amb la p\u00e0gina WEB oficial de la preinscripci\u00f3 de la Generalitat de Catalunya.<\/p>\n<p><a href=\"https:\/\/drive.google.com\/file\/d\/1XiOKMOfy_VmKkzYrdzshTri49m7bUImV\/view?usp=sharing\">OFERTA INICIAL DE PLACES<\/a><\/p>\n<p><a href=\"https:\/\/agora.xtec.cat\/ceip-ignasiiglesias-cornella\/wp-content\/uploads\/usu1592\/2021\/02\/INFORME_BAREM_PROVISIONAL_BAREM.pdf\">BAREM_PROVISIONAL<\/a><\/p>\n<p><a href=\"https:\/\/agora.xtec.cat\/ceip-ignasiiglesias-cornella\/wp-content\/uploads\/usu1592\/2021\/02\/LLISTAT_BAREM_RESOLTES.pdf\">LLISTAT_BAREM_RESOLTES<\/a><\/p>\n<p><strong>SORTEIG 5 DE MAIG<\/strong>: El n\u00famero de desempat que ha sortit al sorteig \u00e9s el <strong>69.448<\/strong><\/p>\n<p><a href=\"https:\/\/agora.xtec.cat\/ceip-ignasiiglesias-cornella\/wp-content\/uploads\/usu1592\/2021\/02\/INFORME_LLISTES_ORDENADES.pdf\">INFORME_LLISTES_ORDENADES<\/a><\/p>\n<p><a href=\"https:\/\/agora.xtec.cat\/ceip-ignasiiglesias-cornella\/wp-content\/uploads\/usu1592\/2021\/02\/OFERTA-DEFINITIVA-.pdf\">OFERTA DEFINITIVA<\/a><\/p>\n<p><a href=\"https:\/\/agora.xtec.cat\/ceip-ignasiiglesias-cornella\/wp-content\/uploads\/usu1592\/2021\/02\/LLISTAT-ASSIGNACI\u00d3-DEFINITIVES.pdf\">LLISTAT ASSIGNACI\u00d3 DEFINITIVES<\/a><\/p>\n<p><a href=\"https:\/\/agora.xtec.cat\/ceip-ignasiiglesias-cornella\/wp-content\/uploads\/usu1592\/2021\/02\/LLISTA-ESPERA-.pdf\">LLISTA ESPERA<\/a><\/p>\n<p><a href=\"https:\/\/preinscripcio.gencat.cat\/ca\/inici\/\" target=\"_blank\" rel=\"noopener noreferrer\"><img loading=\"lazy\" decoding=\"async\" class=\"size-full wp-image-5269 alignleft\" src=\"https:\/\/agora.xtec.cat\/ceip-ignasiiglesias-cornella\/wp-content\/uploads\/usu1592\/2021\/02\/preincipcio21.jpg\" alt=\"\" width=\"1177\" height=\"475\" srcset=\"https:\/\/agora.xtec.cat\/ceip-ignasiiglesias-cornella\/wp-content\/uploads\/usu1592\/2021\/02\/preincipcio21.jpg 1177w, https:\/\/agora.xtec.cat\/ceip-ignasiiglesias-cornella\/wp-content\/uploads\/usu1592\/2021\/02\/preincipcio21-300x121.jpg 300w, https:\/\/agora.xtec.cat\/ceip-ignasiiglesias-cornella\/wp-content\/uploads\/usu1592\/2021\/02\/preincipcio21-768x310.jpg 768w, https:\/\/agora.xtec.cat\/ceip-ignasiiglesias-cornella\/wp-content\/uploads\/usu1592\/2021\/02\/preincipcio21-1024x413.jpg 1024w\" sizes=\"auto, (max-width: 1177px) 100vw, 1177px\" \/><\/a><\/p>\n","protected":false},"excerpt":{"rendered":"<p>El per\u00edode de preinscripci\u00f3 per al curs 2021-2022 es podr\u00e0 fer de forma telem\u00e0tica del 15 al 24 de Mar\u00e7.<br \/>\nPodeu trobar tota la informaci\u00f3 clicant sobre la seg\u00fcent imatge que enlla\u00e7a amb la p\u00e0gina WEB oficial de la preinscripci\u00f3 de la Generalitat de Catalunya.<br \/>\n<a href=\"https:\/\/drive.google.com\/file\/d\/1XiOKMOfy_VmKkzYrdzshTri49m7bUImV\/view?usp=sharing\">OFERTA&hellip;  <a href=\"https:\/\/agora.xtec.cat\/ceip-ignasiiglesias-cornella\/general\/preinscripcio-del-curs-2021-2022\/\" title=\"Read Preinscripci\u00f3  2021-2022\">Llegeix m\u00e9s\u00bb<\/a><\/p>\n","protected":false},"author":1,"featured_media":4186,"comment_status":"closed","ping_status":"closed","sticky":false,"template":"","format":"standard","meta":{"_bbp_topic_count":0,"_bbp_reply_count":0,"_bbp_total_topic_count":0,"_bbp_total_reply_count":0,"_bbp_voice_count":0,"_bbp_anonymous_reply_count":0,"_bbp_topic_count_hidden":0,"_bbp_reply_count_hidden":0,"_bbp_forum_subforum_count":0,"footnotes":""},"categories":[1,4],"tags":[846,336],"class_list":["post-5268","post","type-post","status-publish","format-standard","has-post-thumbnail","hentry","category-general","category-portada","tag-2021-2022","tag-preinscripcio"],"post_mailing_queue_ids":[],"_links":{"self":[{"href":"https:\/\/agora.xtec.cat\/ceip-ignasiiglesias-cornella\/wp-json\/wp\/v2\/posts\/5268","targetHints":{"allow":["GET"]}}],"collection":[{"href":"https:\/\/agora.xtec.cat\/ceip-ignasiiglesias-cornella\/wp-json\/wp\/v2\/posts"}],"about":[{"href":"https:\/\/agora.xtec.cat\/ceip-ignasiiglesias-cornella\/wp-json\/wp\/v2\/types\/post"}],"author":[{"embeddable":true,"href":"https:\/\/agora.xtec.cat\/ceip-ignasiiglesias-cornella\/wp-json\/wp\/v2\/users\/1"}],"replies":[{"embeddable":true,"href":"https:\/\/agora.xtec.cat\/ceip-ignasiiglesias-cornella\/wp-json\/wp\/v2\/comments?post=5268"}],"version-history":[{"count":2,"href":"https:\/\/agora.xtec.cat\/ceip-ignasiiglesias-cornella\/wp-json\/wp\/v2\/posts\/5268\/revisions"}],"predecessor-version":[{"id":5738,"href":"https:\/\/agora.xtec.cat\/ceip-ignasiiglesias-cornella\/wp-json\/wp\/v2\/posts\/5268\/revisions\/5738"}],"wp:featuredmedia":[{"embeddable":true,"href":"https:\/\/agora.xtec.cat\/ceip-ignasiiglesias-cornella\/wp-json\/wp\/v2\/media\/4186"}],"wp:attachment":[{"href":"https:\/\/agora.xtec.cat\/ceip-ignasiiglesias-cornella\/wp-json\/wp\/v2\/media?parent=5268"}],"wp:term":[{"taxonomy":"category","embeddable":true,"href":"https:\/\/agora.xtec.cat\/ceip-ignasiiglesias-cornella\/wp-json\/wp\/v2\/categories?post=5268"},{"taxonomy":"post_tag","embeddable":true,"href":"https:\/\/agora.xtec.cat\/ceip-ignasiiglesias-cornella\/wp-json\/wp\/v2\/tags?post=5268"}],"curies":[{"name":"wp","href":"https:\/\/api.w.org\/{rel}","templated":true}]}}