{"id":5266,"date":"2021-02-25T14:00:17","date_gmt":"2021-02-25T13:00:17","guid":{"rendered":"http:\/\/agora.xtec.cat\/ceip-ignasiiglesias-cornella\/?p=5266"},"modified":"2021-02-25T14:00:17","modified_gmt":"2021-02-25T13:00:17","slug":"carnaval-2021","status":"publish","type":"post","link":"https:\/\/agora.xtec.cat\/ceip-ignasiiglesias-cornella\/general\/carnaval-2021\/","title":{"rendered":"CARNAVAL 2021"},"content":{"rendered":"<p style=\"text-align: justify;\">Aquest any <strong>Carnaval<\/strong> ha estat ben diferent, tot i aix\u00ed no ens pod\u00edem quedar sense aquesta gran celebraci\u00f3. Tots i totes<strong> ens hem esfor\u00e7at molt<\/strong> per dissenyar i crear les nostres disfresses i poder lluir-les a la festa que vam fer al pati. Encara que no vam fer rua ni desfilada, com sempre, vam poder ballar i gaudir mantenint sempre els grups estables. No pod\u00edem estar tots junts al pati i per aquest motiu vam fer una celebraci\u00f3 al mat\u00ed amb cicle mitj\u00e0 i superior i un altre a la tarda amb cicle inicial i infantil.<\/p>\n<p style=\"text-align: justify;\">Encara que aquest any fos diferent va ser molt emocionant veure la il\u00b7lusi\u00f3 i les ganes que van posar tant\u00a0 l&#8217;alumnat com els i les mestres i aix\u00f2 \u00e9s el que <strong>va fer aquest dia tan especial.\u00a0<\/strong><\/p>\n<p style=\"text-align: justify;\"><strong>Visca el Carnestoltes i visca L&#8217;Ignasi Iglesias!!!!<\/strong><\/p>\n<p style=\"text-align: justify;\"><a href=\"https:\/\/agora.xtec.cat\/ceip-ignasiiglesias-cornella\/galeria-de-fotos-curs-2020-2021\/\">VIDEOS CARNAVAL 2021<\/a><\/p>\n<p><a href=\"https:\/\/agora.xtec.cat\/ceip-ignasiiglesias-cornella\/wp-content\/uploads\/usu1592\/2021\/02\/FOTO-ARTICLE-min.png\"><img loading=\"lazy\" decoding=\"async\" class=\"alignnone size-large wp-image-5286\" src=\"https:\/\/agora.xtec.cat\/ceip-ignasiiglesias-cornella\/wp-content\/uploads\/usu1592\/2021\/02\/FOTO-ARTICLE-min-1024x805.png\" alt=\"\" width=\"1024\" height=\"805\" srcset=\"https:\/\/agora.xtec.cat\/ceip-ignasiiglesias-cornella\/wp-content\/uploads\/usu1592\/2021\/02\/FOTO-ARTICLE-min-1024x805.png 1024w, https:\/\/agora.xtec.cat\/ceip-ignasiiglesias-cornella\/wp-content\/uploads\/usu1592\/2021\/02\/FOTO-ARTICLE-min-300x236.png 300w, https:\/\/agora.xtec.cat\/ceip-ignasiiglesias-cornella\/wp-content\/uploads\/usu1592\/2021\/02\/FOTO-ARTICLE-min-768x604.png 768w\" sizes=\"auto, (max-width: 1024px) 100vw, 1024px\" \/><\/a><\/p>\n","protected":false},"excerpt":{"rendered":"<p>Aquest any Carnaval ha estat ben diferent, tot i aix\u00ed no ens pod\u00edem quedar sense aquesta gran celebraci\u00f3. Tots i totes ens hem esfor\u00e7at molt per dissenyar i crear les nostres disfresses i poder lluir-les a la festa que vam fer al pati. Encara que&hellip;  <a href=\"https:\/\/agora.xtec.cat\/ceip-ignasiiglesias-cornella\/general\/carnaval-2021\/\" title=\"Read CARNAVAL 2021\">Llegeix m\u00e9s\u00bb<\/a><\/p>\n","protected":false},"author":1,"featured_media":5286,"comment_status":"open","ping_status":"closed","sticky":false,"template":"","format":"standard","meta":{"_bbp_topic_count":0,"_bbp_reply_count":0,"_bbp_total_topic_count":0,"_bbp_total_reply_count":0,"_bbp_voice_count":0,"_bbp_anonymous_reply_count":0,"_bbp_topic_count_hidden":0,"_bbp_reply_count_hidden":0,"_bbp_forum_subforum_count":0,"footnotes":""},"categories":[10,12,14,1,2,4,5],"tags":[61,137,155,135,85],"class_list":["post-5266","post","type-post","status-publish","format-standard","has-post-thumbnail","hentry","category-cicle-inicial","category-cicle-mitja","category-cicle-superior","category-general","category-infantil","category-portada","category-primaria","tag-carnaval","tag-cicle-inicial","tag-cicle-mitja","tag-cicle-superior","tag-infantil"],"post_mailing_queue_ids":[],"_links":{"self":[{"href":"https:\/\/agora.xtec.cat\/ceip-ignasiiglesias-cornella\/wp-json\/wp\/v2\/posts\/5266","targetHints":{"allow":["GET"]}}],"collection":[{"href":"https:\/\/agora.xtec.cat\/ceip-ignasiiglesias-cornella\/wp-json\/wp\/v2\/posts"}],"about":[{"href":"https:\/\/agora.xtec.cat\/ceip-ignasiiglesias-cornella\/wp-json\/wp\/v2\/types\/post"}],"author":[{"embeddable":true,"href":"https:\/\/agora.xtec.cat\/ceip-ignasiiglesias-cornella\/wp-json\/wp\/v2\/users\/1"}],"replies":[{"embeddable":true,"href":"https:\/\/agora.xtec.cat\/ceip-ignasiiglesias-cornella\/wp-json\/wp\/v2\/comments?post=5266"}],"version-history":[{"count":3,"href":"https:\/\/agora.xtec.cat\/ceip-ignasiiglesias-cornella\/wp-json\/wp\/v2\/posts\/5266\/revisions"}],"predecessor-version":[{"id":5288,"href":"https:\/\/agora.xtec.cat\/ceip-ignasiiglesias-cornella\/wp-json\/wp\/v2\/posts\/5266\/revisions\/5288"}],"wp:featuredmedia":[{"embeddable":true,"href":"https:\/\/agora.xtec.cat\/ceip-ignasiiglesias-cornella\/wp-json\/wp\/v2\/media\/5286"}],"wp:attachment":[{"href":"https:\/\/agora.xtec.cat\/ceip-ignasiiglesias-cornella\/wp-json\/wp\/v2\/media?parent=5266"}],"wp:term":[{"taxonomy":"category","embeddable":true,"href":"https:\/\/agora.xtec.cat\/ceip-ignasiiglesias-cornella\/wp-json\/wp\/v2\/categories?post=5266"},{"taxonomy":"post_tag","embeddable":true,"href":"https:\/\/agora.xtec.cat\/ceip-ignasiiglesias-cornella\/wp-json\/wp\/v2\/tags?post=5266"}],"curies":[{"name":"wp","href":"https:\/\/api.w.org\/{rel}","templated":true}]}}