{"id":5190,"date":"2021-02-06T19:30:50","date_gmt":"2021-02-06T18:30:50","guid":{"rendered":"http:\/\/agora.xtec.cat\/ceip-ignasiiglesias-cornella\/?p=5190"},"modified":"2021-02-06T19:30:50","modified_gmt":"2021-02-06T18:30:50","slug":"5e-sortida-a-can-mercader","status":"publish","type":"post","link":"https:\/\/agora.xtec.cat\/ceip-ignasiiglesias-cornella\/portada\/5e-sortida-a-can-mercader\/","title":{"rendered":"5\u00e8. SORTIDA A CAN MERCADER"},"content":{"rendered":"<p>La primera setmana de febrer vam gaudir en dies diferents, de la visita guiada per la hist\u00f2ria de l&#8217;emblem\u00e0tic parc de Can mercader.\u00a0Pr\u00e8viament hav\u00edem treballat la informaci\u00f3 a la classe, per\u00f2 un cop al parc, la Sara i la Martina, les dues monitores de l&#8217;activitat, ens van guiar per la flora i la fauna d&#8217;aquest entorn.Amb uns aparells vam aprendre a mesurar el CO2, el nivell sonor, la temperatura de diferents zones&#8230;en definitiva, v\u00e0rem comprendre la import\u00e0ncia d&#8217;aquest pulm\u00f3 verd per a la ciutat de Cornell\u00e0.<\/p>\n<p>Cliqueu <a href=\"https:\/\/agora.xtec.cat\/ceip-ignasiiglesias-cornella\/cicle-superior-2020-2021\/\">AQU\u00cd<\/a> per veure les fotos<\/p>\n<p>&nbsp;<\/p>\n","protected":false},"excerpt":{"rendered":"<p>La primera setmana de febrer vam gaudir en dies diferents, de la visita guiada per la hist\u00f2ria de l&#8217;emblem\u00e0tic parc de Can mercader.\u00a0Pr\u00e8viament hav\u00edem treballat la informaci\u00f3 a la classe, per\u00f2 un cop al parc, la Sara i la Martina, les dues monitores de l&#8217;activitat,&hellip;  <a href=\"https:\/\/agora.xtec.cat\/ceip-ignasiiglesias-cornella\/portada\/5e-sortida-a-can-mercader\/\" title=\"Read 5\u00e8. SORTIDA A CAN MERCADER\">Llegeix m\u00e9s\u00bb<\/a><\/p>\n","protected":false},"author":4,"featured_media":5188,"comment_status":"open","ping_status":"closed","sticky":false,"template":"","format":"standard","meta":{"_bbp_topic_count":0,"_bbp_reply_count":0,"_bbp_total_topic_count":0,"_bbp_total_reply_count":0,"_bbp_voice_count":0,"_bbp_anonymous_reply_count":0,"_bbp_topic_count_hidden":0,"_bbp_reply_count_hidden":0,"_bbp_forum_subforum_count":0,"footnotes":""},"categories":[14,4],"tags":[119,845,141],"class_list":["post-5190","post","type-post","status-publish","format-standard","has-post-thumbnail","hentry","category-cicle-superior","category-portada","tag-5e","tag-can-mercader","tag-sortida"],"post_mailing_queue_ids":[],"_links":{"self":[{"href":"https:\/\/agora.xtec.cat\/ceip-ignasiiglesias-cornella\/wp-json\/wp\/v2\/posts\/5190","targetHints":{"allow":["GET"]}}],"collection":[{"href":"https:\/\/agora.xtec.cat\/ceip-ignasiiglesias-cornella\/wp-json\/wp\/v2\/posts"}],"about":[{"href":"https:\/\/agora.xtec.cat\/ceip-ignasiiglesias-cornella\/wp-json\/wp\/v2\/types\/post"}],"author":[{"embeddable":true,"href":"https:\/\/agora.xtec.cat\/ceip-ignasiiglesias-cornella\/wp-json\/wp\/v2\/users\/4"}],"replies":[{"embeddable":true,"href":"https:\/\/agora.xtec.cat\/ceip-ignasiiglesias-cornella\/wp-json\/wp\/v2\/comments?post=5190"}],"version-history":[{"count":2,"href":"https:\/\/agora.xtec.cat\/ceip-ignasiiglesias-cornella\/wp-json\/wp\/v2\/posts\/5190\/revisions"}],"predecessor-version":[{"id":5192,"href":"https:\/\/agora.xtec.cat\/ceip-ignasiiglesias-cornella\/wp-json\/wp\/v2\/posts\/5190\/revisions\/5192"}],"wp:featuredmedia":[{"embeddable":true,"href":"https:\/\/agora.xtec.cat\/ceip-ignasiiglesias-cornella\/wp-json\/wp\/v2\/media\/5188"}],"wp:attachment":[{"href":"https:\/\/agora.xtec.cat\/ceip-ignasiiglesias-cornella\/wp-json\/wp\/v2\/media?parent=5190"}],"wp:term":[{"taxonomy":"category","embeddable":true,"href":"https:\/\/agora.xtec.cat\/ceip-ignasiiglesias-cornella\/wp-json\/wp\/v2\/categories?post=5190"},{"taxonomy":"post_tag","embeddable":true,"href":"https:\/\/agora.xtec.cat\/ceip-ignasiiglesias-cornella\/wp-json\/wp\/v2\/tags?post=5190"}],"curies":[{"name":"wp","href":"https:\/\/api.w.org\/{rel}","templated":true}]}}