{"id":5184,"date":"2021-02-03T15:56:18","date_gmt":"2021-02-03T14:56:18","guid":{"rendered":"http:\/\/agora.xtec.cat\/ceip-ignasiiglesias-cornella\/?p=5184"},"modified":"2021-02-03T15:56:18","modified_gmt":"2021-02-03T14:56:18","slug":"6e-batucada","status":"publish","type":"post","link":"https:\/\/agora.xtec.cat\/ceip-ignasiiglesias-cornella\/general\/6e-batucada\/","title":{"rendered":"6\u00e8. BATUCADA"},"content":{"rendered":"<p>Ahir dimarts 2 de febrer, les nenes i els nens de 6\u00e8 van fer un taller de batucada de la m\u00e0 de <a href=\"https:\/\/www.solrepercussio.cat\/\">SolRe PERCUSSI\u00d3<\/a>.<\/p>\n<p>Com b\u00e9 sabeu, \u00e9s tradici\u00f3 a l&#8217;escola que els\/les alumnes de 6\u00e8 facin batucada a la rua de Carnaval que fem al pavell\u00f3. Enguany no podrem dur a terme l&#8217;activitat de la manera que ens agradaria, per\u00f2 no hem volgut que els infants es perdessin aquesta experi\u00e8ncia musical comunit\u00e0ria en aquest darrer Carnaval que viuran a l&#8217;escola.<\/p>\n<p>Accediu a la galeria i veureu qu\u00e8 b\u00e9 s&#8217; ho van passar!<\/p>\n<p><a href=\"https:\/\/agora.xtec.cat\/ceip-ignasiiglesias-cornella\/galeria-de-fotos-curs-2020-2021\/\"><img loading=\"lazy\" decoding=\"async\" class=\"aligncenter wp-image-5182 size-medium\" src=\"https:\/\/agora.xtec.cat\/ceip-ignasiiglesias-cornella\/wp-content\/uploads\/usu1592\/2021\/02\/batucada-6\u00e8A-2-300x169.jpeg\" alt=\"\" width=\"300\" height=\"169\" srcset=\"https:\/\/agora.xtec.cat\/ceip-ignasiiglesias-cornella\/wp-content\/uploads\/usu1592\/2021\/02\/batucada-6\u00e8A-2-300x169.jpeg 300w, https:\/\/agora.xtec.cat\/ceip-ignasiiglesias-cornella\/wp-content\/uploads\/usu1592\/2021\/02\/batucada-6\u00e8A-2-768x432.jpeg 768w, https:\/\/agora.xtec.cat\/ceip-ignasiiglesias-cornella\/wp-content\/uploads\/usu1592\/2021\/02\/batucada-6\u00e8A-2-1024x576.jpeg 1024w, https:\/\/agora.xtec.cat\/ceip-ignasiiglesias-cornella\/wp-content\/uploads\/usu1592\/2021\/02\/batucada-6\u00e8A-2.jpeg 1920w\" sizes=\"auto, (max-width: 300px) 100vw, 300px\" \/><\/a><\/p>\n","protected":false},"excerpt":{"rendered":"<p>Ahir dimarts 2 de febrer, les nenes i els nens de 6\u00e8 van fer un taller de batucada de la m\u00e0 de <a href=\"https:\/\/www.solrepercussio.cat\/\">SolRe PERCUSSI\u00d3<\/a>.<br \/>\nCom b\u00e9 sabeu, \u00e9s tradici\u00f3 a l&#8217;escola que els\/les alumnes de 6\u00e8 facin batucada a la rua de Carnaval que fem&hellip;  <a href=\"https:\/\/agora.xtec.cat\/ceip-ignasiiglesias-cornella\/general\/6e-batucada\/\" title=\"Read 6\u00e8. BATUCADA\">Llegeix m\u00e9s\u00bb<\/a><\/p>\n","protected":false},"author":4,"featured_media":5182,"comment_status":"open","ping_status":"closed","sticky":false,"template":"","format":"standard","meta":{"_bbp_topic_count":0,"_bbp_reply_count":0,"_bbp_total_topic_count":0,"_bbp_total_reply_count":0,"_bbp_voice_count":0,"_bbp_anonymous_reply_count":0,"_bbp_topic_count_hidden":0,"_bbp_reply_count_hidden":0,"_bbp_forum_subforum_count":0,"footnotes":""},"categories":[14,1,72,4],"tags":[291,843,844],"class_list":["post-5184","post","type-post","status-publish","format-standard","has-post-thumbnail","hentry","category-cicle-superior","category-general","category-musica","category-portada","tag-6e","tag-batucada","tag-solre"],"post_mailing_queue_ids":[],"_links":{"self":[{"href":"https:\/\/agora.xtec.cat\/ceip-ignasiiglesias-cornella\/wp-json\/wp\/v2\/posts\/5184","targetHints":{"allow":["GET"]}}],"collection":[{"href":"https:\/\/agora.xtec.cat\/ceip-ignasiiglesias-cornella\/wp-json\/wp\/v2\/posts"}],"about":[{"href":"https:\/\/agora.xtec.cat\/ceip-ignasiiglesias-cornella\/wp-json\/wp\/v2\/types\/post"}],"author":[{"embeddable":true,"href":"https:\/\/agora.xtec.cat\/ceip-ignasiiglesias-cornella\/wp-json\/wp\/v2\/users\/4"}],"replies":[{"embeddable":true,"href":"https:\/\/agora.xtec.cat\/ceip-ignasiiglesias-cornella\/wp-json\/wp\/v2\/comments?post=5184"}],"version-history":[{"count":2,"href":"https:\/\/agora.xtec.cat\/ceip-ignasiiglesias-cornella\/wp-json\/wp\/v2\/posts\/5184\/revisions"}],"predecessor-version":[{"id":5186,"href":"https:\/\/agora.xtec.cat\/ceip-ignasiiglesias-cornella\/wp-json\/wp\/v2\/posts\/5184\/revisions\/5186"}],"wp:featuredmedia":[{"embeddable":true,"href":"https:\/\/agora.xtec.cat\/ceip-ignasiiglesias-cornella\/wp-json\/wp\/v2\/media\/5182"}],"wp:attachment":[{"href":"https:\/\/agora.xtec.cat\/ceip-ignasiiglesias-cornella\/wp-json\/wp\/v2\/media?parent=5184"}],"wp:term":[{"taxonomy":"category","embeddable":true,"href":"https:\/\/agora.xtec.cat\/ceip-ignasiiglesias-cornella\/wp-json\/wp\/v2\/categories?post=5184"},{"taxonomy":"post_tag","embeddable":true,"href":"https:\/\/agora.xtec.cat\/ceip-ignasiiglesias-cornella\/wp-json\/wp\/v2\/tags?post=5184"}],"curies":[{"name":"wp","href":"https:\/\/api.w.org\/{rel}","templated":true}]}}