{"id":5173,"date":"2020-12-23T14:09:41","date_gmt":"2020-12-23T13:09:41","guid":{"rendered":"http:\/\/agora.xtec.cat\/ceip-ignasiiglesias-cornella\/?p=5173"},"modified":"2020-12-23T14:10:19","modified_gmt":"2020-12-23T13:10:19","slug":"regalem-llibres","status":"publish","type":"post","link":"https:\/\/agora.xtec.cat\/ceip-ignasiiglesias-cornella\/general\/regalem-llibres\/","title":{"rendered":"REGALEM LLIBRES!"},"content":{"rendered":"<p>Un llibre \u00e9s quelcom m\u00e9s que un regal. \u00c9s ajudar a cr\u00e8ixer, acompanyar en un viatge, compartir emocions i somnis, \u00a0viure&#8230;<\/p>\n<p>Si voleu regalar llibres o demanar-ne als Reis d\u2019Orient, aqu\u00ed teniu algunes de les racomanacions de la Xarxa de Biblioteques de Cornell\u00e0. Esperem que us siguin \u00fatils.<\/p>\n<p>Us desitjem molt Bones Festes!<\/p>\n<p>&nbsp;<\/p>\n<ul>\n<li><strong>Per als m\u00e9s petits<\/strong><\/li>\n<\/ul>\n<p><a href=\"https:\/\/agora.xtec.cat\/ceip-ignasiiglesias-cornella\/wp-content\/uploads\/usu1592\/2020\/12\/IMG_0900.jpg\"><img loading=\"lazy\" decoding=\"async\" class=\"alignleft size-thumbnail wp-image-5174\" src=\"https:\/\/agora.xtec.cat\/ceip-ignasiiglesias-cornella\/wp-content\/uploads\/usu1592\/2020\/12\/IMG_0900-150x150.jpg\" alt=\"\" width=\"150\" height=\"150\" srcset=\"https:\/\/agora.xtec.cat\/ceip-ignasiiglesias-cornella\/wp-content\/uploads\/usu1592\/2020\/12\/IMG_0900-150x150.jpg 150w, https:\/\/agora.xtec.cat\/ceip-ignasiiglesias-cornella\/wp-content\/uploads\/usu1592\/2020\/12\/IMG_0900.jpg 200w\" sizes=\"auto, (max-width: 150px) 100vw, 150px\" \/><\/a><\/p>\n<p><b>DINS L\u2019OU<\/b><\/p>\n<p>Autor:\u00a0<a href=\"https:\/\/www.elkar.eus\/es\/autor\/squillari-emma-lidia\">EMMA LIDIA SQUILLARI<\/a><\/p>\n<p>Editorial:\u00a0KALANDRAKA<\/p>\n<p>Colecci\u00f3n:\u00a0<a href=\"https:\/\/www.elkar.eus\/es\/resultados-busqueda-avanzada?bilaketa_bilduma=PRIMERS%20LECTORS&amp;bilaketa_argitaletxea=KALANDRAKA\">PRIMERS LECTORS<\/a><\/p>\n<p>Dotze ous i, dins de cadasc\u00fa, una criatura a punt de n\u00e9ixer.<\/p>\n<p>&nbsp;<\/p>\n<ul>\n<li><strong>De 7 a 10 anys<\/strong><\/li>\n<\/ul>\n<p><a href=\"https:\/\/agora.xtec.cat\/ceip-ignasiiglesias-cornella\/wp-content\/uploads\/usu1592\/2020\/12\/IMG_0895.jpg\"><img loading=\"lazy\" decoding=\"async\" class=\"alignleft size-thumbnail wp-image-5171\" src=\"https:\/\/agora.xtec.cat\/ceip-ignasiiglesias-cornella\/wp-content\/uploads\/usu1592\/2020\/12\/IMG_0895-150x150.jpg\" alt=\"\" width=\"150\" height=\"150\" \/><\/a><\/p>\n<p><strong style=\"font-family: inherit; font-size: 1em;\">VOLS SER LA MEVA AMIGA?<\/strong><\/p>\n<div class=\"clear\">\n<p><a href=\"https:\/\/www.llardelllibre.cat\/cat\/autor\/morgenstern-susie\/\">MORGENSTERN, SUSIE<\/a><\/p>\n<p>Editorial: <a href=\"https:\/\/www.llardelllibre.cat\/cat\/editorial\/blackie-books\/2833\/\">BLACKIE BOOKS<\/a><\/p>\n<p>Col\u00b7lecci\u00f3:\u00a0OSSETS<\/p>\n<\/div>\n<p>A la Lea no li agrada gens la seva casa nova. \u00c9s lluny de tot, al costat d\u2019un camp de patates (o de ves a saber qu\u00e8). I a m\u00e9s no t\u00e9 amics. Per\u00f2 la Lea \u00e9s llesta i sap que, per trobar-ne de seguida, nom\u00e9s li cal la informaci\u00f3 precisa.<\/p>\n<p>&nbsp;<\/p>\n<ul>\n<li><strong>A partir d\u201911 anys<\/strong><\/li>\n<\/ul>\n<p><a href=\"https:\/\/agora.xtec.cat\/ceip-ignasiiglesias-cornella\/wp-content\/uploads\/usu1592\/2020\/12\/IMG_0896.jpg\"><img loading=\"lazy\" decoding=\"async\" class=\"alignleft size-thumbnail wp-image-5170\" src=\"https:\/\/agora.xtec.cat\/ceip-ignasiiglesias-cornella\/wp-content\/uploads\/usu1592\/2020\/12\/IMG_0896-150x150.jpg\" alt=\"\" width=\"150\" height=\"150\" \/><\/a><\/p>\n<p><strong>LA INCRE\u00cfBLE HIST\u00d2RIA&#8230; DEL MONSTRE DEL BUCKINGHAM PALACE<\/strong><\/p>\n<p><a href=\"https:\/\/www.lacaixadeines.com\/es\/autor\/walliams-david\/\">WALLIAMS, DAVID<\/a><\/p>\n<p><strong>Editorial: <\/strong><a href=\"https:\/\/www.lacaixadeines.com\/es\/editorial\/montena\/38\/\">MONTENA<\/a><\/p>\n<p>&nbsp;<\/p>\n<p>El Londres del futur est\u00e0 totalment en ru\u00efnes i el seu jove pr\u00edncep Alfred mai ha conegut la vida fora de palau, el lloc m\u00e9s segur de la ciutat. Sempre ha viscut protegit i envoltat dels millors luxes, per\u00f2 una nit comen\u00e7a a escoltar sorolls en la foscor dels passadissos&#8230;<\/p>\n<p>&nbsp;<\/p>\n<ul>\n<li><strong>Llibres de coneixements<\/strong><\/li>\n<\/ul>\n<p><a href=\"https:\/\/agora.xtec.cat\/ceip-ignasiiglesias-cornella\/wp-content\/uploads\/usu1592\/2020\/12\/IMG_0898.jpg\"><img loading=\"lazy\" decoding=\"async\" class=\"alignleft size-thumbnail wp-image-5172\" src=\"https:\/\/agora.xtec.cat\/ceip-ignasiiglesias-cornella\/wp-content\/uploads\/usu1592\/2020\/12\/IMG_0898-150x150.jpg\" alt=\"\" width=\"150\" height=\"150\" \/><\/a><\/p>\n<p><strong>QU\u00c8 \u00c9S EN REALITAT EL FEIXISME?<\/strong><\/p>\n<p><a href=\"https:\/\/www.llardelllibre.cat\/cat\/autor\/berggren-lena\/\">BERGGREN, LENA\u00a0<\/a>\/\u00a0\u00a0<a href=\"https:\/\/www.llardelllibre.cat\/cat\/autor\/johansson-kalle\/\">JOHANSSON, KALLE<\/a><\/p>\n<p><strong>Editorial: <\/strong><a href=\"https:\/\/www.llardelllibre.cat\/cat\/editorial\/takatuka-s-l-editorial\/1247\/\">TAKATUKA, S.L., EDITORIAL<\/a><\/p>\n<p><strong>Mat\u00e8ria: <\/strong><a href=\"https:\/\/www.llardelllibre.cat\/cat\/libros-de\/comics-novel-la-grafica-0104\/\">C\u00f2mics\/ Novel.la gr\u00e0fica<\/a><\/p>\n<p>&nbsp;<\/p>\n<p>La paraula \u00abfeixisme\u00bb \u00e9s utilitzada sovint per pol\u00edtics i periodistes. Per\u00f2 qu\u00e8 significa en realitat? Es parla molt del que varen fer els feixistes a It\u00e0lia, Alemanya i \u00c0ustria, per\u00f2 molt menys del que pensaven o quins eren els seus ideals.<\/p>\n<p><a href=\"https:\/\/agora.xtec.cat\/ceip-ignasiiglesias-cornella\/wp-content\/uploads\/usu1592\/2020\/12\/IMG_0899.jpg\"><img loading=\"lazy\" decoding=\"async\" class=\"alignleft size-thumbnail wp-image-5169\" src=\"https:\/\/agora.xtec.cat\/ceip-ignasiiglesias-cornella\/wp-content\/uploads\/usu1592\/2020\/12\/IMG_0899-150x150.jpg\" alt=\"\" width=\"150\" height=\"150\" \/><\/a><\/p>\n<p><strong>EL LIBRO DE LOS SALUDOS<\/strong><\/p>\n<p><strong><em><a href=\"https:\/\/www.udllibros.com\/autor-CAPDEVILA---SQUILLONI\">CAPDEVILA \/ SQUILLONI<\/a><\/em><\/strong><\/p>\n<p><strong>Editorial: <\/strong><a href=\"http:\/\/www.abuenpaso.com\/\">A BUEN PASO<\/a><\/p>\n<p><strong>Ilustrador: <\/strong>Olga Capdevila \u00a0 \u00a0 \u00a0 \u00a0 \u00a0<strong>Colecci\u00f3n: <\/strong>ILUSTRADOS<\/p>\n<p>\u00bfSab\u00edas que cuando le dices \u00abCiao\u00bb a alguien le est\u00e1s diciendo que eres su esclavo? \u00bfO que muchas formas de saludo consisten precisamente en desearle salud a la otra persona, mientras que decir \u00abHola\u00bb o \u00abHello\u00bb no son m\u00e1s que maneras de llamar la atenci\u00f3n?<\/p>\n<p>&nbsp;<\/p>\n","protected":false},"excerpt":{"rendered":"<p>Un llibre \u00e9s quelcom m\u00e9s que un regal. \u00c9s ajudar a cr\u00e8ixer, acompanyar en un viatge, compartir emocions i somnis, \u00a0viure&#8230;<br \/>\nSi voleu regalar llibres o demanar-ne als Reis d\u2019Orient, aqu\u00ed teniu algunes de les racomanacions de la Xarxa de Biblioteques de Cornell\u00e0. Esperem que us&hellip;  <a href=\"https:\/\/agora.xtec.cat\/ceip-ignasiiglesias-cornella\/general\/regalem-llibres\/\" title=\"Read REGALEM LLIBRES!\">Llegeix m\u00e9s\u00bb<\/a><\/p>\n","protected":false},"author":52,"featured_media":4630,"comment_status":"open","ping_status":"closed","sticky":false,"template":"","format":"standard","meta":{"_bbp_topic_count":0,"_bbp_reply_count":0,"_bbp_total_topic_count":0,"_bbp_total_reply_count":0,"_bbp_voice_count":0,"_bbp_anonymous_reply_count":0,"_bbp_topic_count_hidden":0,"_bbp_reply_count_hidden":0,"_bbp_forum_subforum_count":0,"footnotes":""},"categories":[819,10,12,14,1,3,8,9,4],"tags":[90,85,132,125],"class_list":["post-5173","post","type-post","status-publish","format-standard","has-post-thumbnail","hentry","category-biblioteca","category-cicle-inicial","category-cicle-mitja","category-cicle-superior","category-general","category-p3","category-p4","category-p5","category-portada","tag-biblioteca","tag-infantil","tag-nadal","tag-primaria"],"post_mailing_queue_ids":[],"_links":{"self":[{"href":"https:\/\/agora.xtec.cat\/ceip-ignasiiglesias-cornella\/wp-json\/wp\/v2\/posts\/5173","targetHints":{"allow":["GET"]}}],"collection":[{"href":"https:\/\/agora.xtec.cat\/ceip-ignasiiglesias-cornella\/wp-json\/wp\/v2\/posts"}],"about":[{"href":"https:\/\/agora.xtec.cat\/ceip-ignasiiglesias-cornella\/wp-json\/wp\/v2\/types\/post"}],"author":[{"embeddable":true,"href":"https:\/\/agora.xtec.cat\/ceip-ignasiiglesias-cornella\/wp-json\/wp\/v2\/users\/52"}],"replies":[{"embeddable":true,"href":"https:\/\/agora.xtec.cat\/ceip-ignasiiglesias-cornella\/wp-json\/wp\/v2\/comments?post=5173"}],"version-history":[{"count":3,"href":"https:\/\/agora.xtec.cat\/ceip-ignasiiglesias-cornella\/wp-json\/wp\/v2\/posts\/5173\/revisions"}],"predecessor-version":[{"id":5178,"href":"https:\/\/agora.xtec.cat\/ceip-ignasiiglesias-cornella\/wp-json\/wp\/v2\/posts\/5173\/revisions\/5178"}],"wp:featuredmedia":[{"embeddable":true,"href":"https:\/\/agora.xtec.cat\/ceip-ignasiiglesias-cornella\/wp-json\/wp\/v2\/media\/4630"}],"wp:attachment":[{"href":"https:\/\/agora.xtec.cat\/ceip-ignasiiglesias-cornella\/wp-json\/wp\/v2\/media?parent=5173"}],"wp:term":[{"taxonomy":"category","embeddable":true,"href":"https:\/\/agora.xtec.cat\/ceip-ignasiiglesias-cornella\/wp-json\/wp\/v2\/categories?post=5173"},{"taxonomy":"post_tag","embeddable":true,"href":"https:\/\/agora.xtec.cat\/ceip-ignasiiglesias-cornella\/wp-json\/wp\/v2\/tags?post=5173"}],"curies":[{"name":"wp","href":"https:\/\/api.w.org\/{rel}","templated":true}]}}