{"id":513,"date":"2017-02-22T12:27:24","date_gmt":"2017-02-22T11:27:24","guid":{"rendered":"http:\/\/agora.xtec.cat\/ceip-ignasiiglesias-cornella\/?p=513"},"modified":"2017-03-02T10:45:17","modified_gmt":"2017-03-02T09:45:17","slug":"arribada-den-carnestoltes","status":"publish","type":"post","link":"https:\/\/agora.xtec.cat\/ceip-ignasiiglesias-cornella\/portada\/arribada-den-carnestoltes\/","title":{"rendered":"Arribada d&#8217;en  Carnestoltes!!!"},"content":{"rendered":"<p><iframe loading=\"lazy\" src=\"https:\/\/www.youtube.com\/embed\/404e788Hkb4\" width=\"560\" height=\"315\" frameborder=\"0\" allowfullscreen=\"allowfullscreen\"><\/iframe><\/p>\n<p><strong>20-02-17 Arriba en carnestoltes!<\/strong><br \/>\nEl rei dels &#8220;pocasoltes&#8221; va ser rebut ahir amb sorolls i batucada.<br \/>\nEl preg\u00f3 i les consignes diuen que la festa \u00e9s ja comen\u00e7ada.<\/p>\n<div><\/div>\n<div>Dimecres 22 portar el pijama posat.<\/div>\n<div>\n<p>Dijous 23 venir maquillats\/des.<br \/>\nDivendres 24 sortir de rua tots plegats.<\/p>\n<\/div>\n<div style=\"margin-left: 40px;\"><\/div>\n","protected":false},"excerpt":{"rendered":"<p>20-02-17 Arriba en carnestoltes!<br \/>\nEl rei dels &#8220;pocasoltes&#8221; va ser rebut ahir amb sorolls i batucada.<br \/>\nEl preg\u00f3 i les consignes diuen que la festa \u00e9s ja comen\u00e7ada.<\/p>\n<p>Dimecres 22 portar el pijama posat.<\/p>\n<p>Dijous 23 venir maquillats\/des.<br \/>\nDivendres 24 sortir de rua tots plegats.<\/p>\n","protected":false},"author":1,"featured_media":0,"comment_status":"open","ping_status":"open","sticky":false,"template":"","format":"standard","meta":{"_bbp_topic_count":0,"_bbp_reply_count":0,"_bbp_total_topic_count":0,"_bbp_total_reply_count":0,"_bbp_voice_count":0,"_bbp_anonymous_reply_count":0,"_bbp_topic_count_hidden":0,"_bbp_reply_count_hidden":0,"_bbp_forum_subforum_count":0,"footnotes":""},"categories":[4],"tags":[57],"class_list":["post-513","post","type-post","status-publish","format-standard","hentry","category-portada","tag-carnestoltes"],"post_mailing_queue_ids":[],"_links":{"self":[{"href":"https:\/\/agora.xtec.cat\/ceip-ignasiiglesias-cornella\/wp-json\/wp\/v2\/posts\/513","targetHints":{"allow":["GET"]}}],"collection":[{"href":"https:\/\/agora.xtec.cat\/ceip-ignasiiglesias-cornella\/wp-json\/wp\/v2\/posts"}],"about":[{"href":"https:\/\/agora.xtec.cat\/ceip-ignasiiglesias-cornella\/wp-json\/wp\/v2\/types\/post"}],"author":[{"embeddable":true,"href":"https:\/\/agora.xtec.cat\/ceip-ignasiiglesias-cornella\/wp-json\/wp\/v2\/users\/1"}],"replies":[{"embeddable":true,"href":"https:\/\/agora.xtec.cat\/ceip-ignasiiglesias-cornella\/wp-json\/wp\/v2\/comments?post=513"}],"version-history":[{"count":3,"href":"https:\/\/agora.xtec.cat\/ceip-ignasiiglesias-cornella\/wp-json\/wp\/v2\/posts\/513\/revisions"}],"predecessor-version":[{"id":518,"href":"https:\/\/agora.xtec.cat\/ceip-ignasiiglesias-cornella\/wp-json\/wp\/v2\/posts\/513\/revisions\/518"}],"wp:attachment":[{"href":"https:\/\/agora.xtec.cat\/ceip-ignasiiglesias-cornella\/wp-json\/wp\/v2\/media?parent=513"}],"wp:term":[{"taxonomy":"category","embeddable":true,"href":"https:\/\/agora.xtec.cat\/ceip-ignasiiglesias-cornella\/wp-json\/wp\/v2\/categories?post=513"},{"taxonomy":"post_tag","embeddable":true,"href":"https:\/\/agora.xtec.cat\/ceip-ignasiiglesias-cornella\/wp-json\/wp\/v2\/tags?post=513"}],"curies":[{"name":"wp","href":"https:\/\/api.w.org\/{rel}","templated":true}]}}