{"id":5060,"date":"2020-12-21T12:53:59","date_gmt":"2020-12-21T11:53:59","guid":{"rendered":"http:\/\/agora.xtec.cat\/ceip-ignasiiglesias-cornella\/?p=5060"},"modified":"2020-12-21T12:55:41","modified_gmt":"2020-12-21T11:55:41","slug":"bones-festes","status":"publish","type":"post","link":"https:\/\/agora.xtec.cat\/ceip-ignasiiglesias-cornella\/infantil\/p3\/bones-festes\/","title":{"rendered":"Bones Festes!!"},"content":{"rendered":"<p>Benvolgudes fam\u00edlies,<\/p>\n<p>Finalitza el primer trimestre d\u2019aquest curs tan at\u00edpic i, malgrat les circumst\u00e0ncies, hem aconseguit que els nens i nenes de la nostra escola hagin pogut adaptar-se amb \u00e8xit a aquesta \u201cnova realitat\u201d.<\/p>\n<p>Els felicitem, un cop m\u00e9s per la seva capacitat d\u2019adaptaci\u00f3 i per posar-nos m\u00e9s f\u00e0cil all\u00f2 que semblava tan dif\u00edcil.<\/p>\n<p>Volem donar-vos les gr\u00e0cies tamb\u00e9 a\u00a0 les fam\u00edlies per la vostra col\u00b7laboraci\u00f3 en\u00a0 respectar l\u2019organitzaci\u00f3 i les mesures necess\u00e0ries per afavorir el bon funcionament en el dia a dia a l\u2019escola.<\/p>\n<p>Ens acomiadament fins l\u201911 de gener amb un regalet que els vostres infants us han preparat juntament amb l&#8217;esfor\u00e7, estima \u00a0i\u00a0 professionalitat de l\u2019equip docent de l\u2019Ignasi.<\/p>\n<p>Bones vacances i cuideu-vos molt!!<\/p>\n<p>Escola Ignasi Iglesias<\/p>\n<p style=\"text-align: center;\"><a href=\"https:\/\/agora.xtec.cat\/ceip-ignasiiglesias-cornella\/educacio-infantil-2020-2021\/\" target=\"_blank\" rel=\"noopener noreferrer\">\u2603CONCERT D&#8217; HIVERN de P3, P4 i P5\u2603<\/a><\/p>\n<p style=\"text-align: center;\"><a href=\"https:\/\/agora.xtec.cat\/ceip-ignasiiglesias-cornella\/cicle-inicial-2020-2021\/\" target=\"_blank\" rel=\"noopener noreferrer\">\u2744CONCERT D&#8217; HIVERN\u00a0 de 1r i 2n\u2744<\/a><\/p>\n<p style=\"text-align: center;\"><a href=\"https:\/\/agora.xtec.cat\/ceip-ignasiiglesias-cornella\/cicle-mitja-2020-2021\/\" target=\"_blank\" rel=\"noopener noreferrer\">\ud83c\udf20CONCERT D&#8217; HIVERN de 3r i 4t\ud83c\udf20<\/a><\/p>\n<p style=\"text-align: center;\"><a href=\"https:\/\/agora.xtec.cat\/ceip-ignasiiglesias-cornella\/cicle-superior-2020-2021\/\" target=\"_blank\" rel=\"noopener noreferrer\">\u26c4CONCERT D&#8217; HIVERN de 5\u00e8 i 6\u00e8\u26c4<\/a><\/p>\n","protected":false},"excerpt":{"rendered":"<p>Benvolgudes fam\u00edlies,<br \/>\nFinalitza el primer trimestre d\u2019aquest curs tan at\u00edpic i, malgrat les circumst\u00e0ncies, hem aconseguit que els nens i nenes de la nostra escola hagin pogut adaptar-se amb \u00e8xit a aquesta \u201cnova realitat\u201d.<br \/>\nEls felicitem, un cop m\u00e9s per la seva capacitat d\u2019adaptaci\u00f3 i per posar-nos&hellip;  <a href=\"https:\/\/agora.xtec.cat\/ceip-ignasiiglesias-cornella\/infantil\/p3\/bones-festes\/\" title=\"Read Bones Festes!!\">Llegeix m\u00e9s\u00bb<\/a><\/p>\n","protected":false},"author":19,"featured_media":5148,"comment_status":"open","ping_status":"closed","sticky":false,"template":"","format":"standard","meta":{"_bbp_topic_count":0,"_bbp_reply_count":0,"_bbp_total_topic_count":0,"_bbp_total_reply_count":0,"_bbp_voice_count":0,"_bbp_anonymous_reply_count":0,"_bbp_topic_count_hidden":0,"_bbp_reply_count_hidden":0,"_bbp_forum_subforum_count":0,"footnotes":""},"categories":[82,10,12,14,74,72,3,8,9,4],"tags":[197,839,62,842,200,840,841],"class_list":["post-5060","post","type-post","status-publish","format-standard","has-post-thumbnail","hentry","category-angles","category-cicle-inicial","category-cicle-mitja","category-cicle-superior","category-festes","category-musica","category-p3","category-p4","category-p5","category-portada","tag-concert","tag-concierto","tag-festes","tag-fiestas","tag-hivern","tag-invierno","tag-navidad"],"post_mailing_queue_ids":[],"_links":{"self":[{"href":"https:\/\/agora.xtec.cat\/ceip-ignasiiglesias-cornella\/wp-json\/wp\/v2\/posts\/5060","targetHints":{"allow":["GET"]}}],"collection":[{"href":"https:\/\/agora.xtec.cat\/ceip-ignasiiglesias-cornella\/wp-json\/wp\/v2\/posts"}],"about":[{"href":"https:\/\/agora.xtec.cat\/ceip-ignasiiglesias-cornella\/wp-json\/wp\/v2\/types\/post"}],"author":[{"embeddable":true,"href":"https:\/\/agora.xtec.cat\/ceip-ignasiiglesias-cornella\/wp-json\/wp\/v2\/users\/19"}],"replies":[{"embeddable":true,"href":"https:\/\/agora.xtec.cat\/ceip-ignasiiglesias-cornella\/wp-json\/wp\/v2\/comments?post=5060"}],"version-history":[{"count":3,"href":"https:\/\/agora.xtec.cat\/ceip-ignasiiglesias-cornella\/wp-json\/wp\/v2\/posts\/5060\/revisions"}],"predecessor-version":[{"id":5065,"href":"https:\/\/agora.xtec.cat\/ceip-ignasiiglesias-cornella\/wp-json\/wp\/v2\/posts\/5060\/revisions\/5065"}],"wp:featuredmedia":[{"embeddable":true,"href":"https:\/\/agora.xtec.cat\/ceip-ignasiiglesias-cornella\/wp-json\/wp\/v2\/media\/5148"}],"wp:attachment":[{"href":"https:\/\/agora.xtec.cat\/ceip-ignasiiglesias-cornella\/wp-json\/wp\/v2\/media?parent=5060"}],"wp:term":[{"taxonomy":"category","embeddable":true,"href":"https:\/\/agora.xtec.cat\/ceip-ignasiiglesias-cornella\/wp-json\/wp\/v2\/categories?post=5060"},{"taxonomy":"post_tag","embeddable":true,"href":"https:\/\/agora.xtec.cat\/ceip-ignasiiglesias-cornella\/wp-json\/wp\/v2\/tags?post=5060"}],"curies":[{"name":"wp","href":"https:\/\/api.w.org\/{rel}","templated":true}]}}