{"id":5009,"date":"2020-11-20T21:11:18","date_gmt":"2020-11-20T20:11:18","guid":{"rendered":"http:\/\/agora.xtec.cat\/ceip-ignasiiglesias-cornella\/?p=5009"},"modified":"2020-11-22T14:02:26","modified_gmt":"2020-11-22T13:02:26","slug":"dia-universal-dels-drets-dels-infants-20-de-novembre","status":"publish","type":"post","link":"https:\/\/agora.xtec.cat\/ceip-ignasiiglesias-cornella\/general\/dia-universal-dels-drets-dels-infants-20-de-novembre\/","title":{"rendered":"DIA UNIVERSAL DELS DRETS DELS INFANTS: 20 de novembre"},"content":{"rendered":"<p>Avui 20 de novembre a l&#8217;IGNASI hem celebrat el <strong>DIA UNIVERSAL DEL DRETS DELS INFANTS<\/strong>.<\/p>\n<p>Per aix\u00f2 les nenes i els nens d&#8217;educaci\u00f3 infantil hem fet un mat\u00ed d&#8217;activitats on hem descobert qu\u00e8 i quins s\u00f3n els nostres drets, cada nivell al seu ritme.<\/p>\n<p>Mireu tot el que hem fet.<\/p>\n<p>&nbsp;<\/p>\n<p><a href=\"https:\/\/agora.xtec.cat\/ceip-ignasiiglesias-cornella\/educacio-infantil-2020-2021\/\"><img loading=\"lazy\" decoding=\"async\" class=\"aligncenter wp-image-5012 \" src=\"https:\/\/agora.xtec.cat\/ceip-ignasiiglesias-cornella\/wp-content\/uploads\/usu1592\/2020\/11\/WhatsApp-Image-2020-11-18-at-08.55.45-1-1024x724.jpeg\" alt=\"\" width=\"292\" height=\"206\" srcset=\"https:\/\/agora.xtec.cat\/ceip-ignasiiglesias-cornella\/wp-content\/uploads\/usu1592\/2020\/11\/WhatsApp-Image-2020-11-18-at-08.55.45-1-1024x724.jpeg 1024w, https:\/\/agora.xtec.cat\/ceip-ignasiiglesias-cornella\/wp-content\/uploads\/usu1592\/2020\/11\/WhatsApp-Image-2020-11-18-at-08.55.45-1-300x212.jpeg 300w, https:\/\/agora.xtec.cat\/ceip-ignasiiglesias-cornella\/wp-content\/uploads\/usu1592\/2020\/11\/WhatsApp-Image-2020-11-18-at-08.55.45-1-768x543.jpeg 768w, https:\/\/agora.xtec.cat\/ceip-ignasiiglesias-cornella\/wp-content\/uploads\/usu1592\/2020\/11\/WhatsApp-Image-2020-11-18-at-08.55.45-1.jpeg 1600w\" sizes=\"auto, (max-width: 292px) 100vw, 292px\" \/><\/a><\/p>\n","protected":false},"excerpt":{"rendered":"<p>Avui 20 de novembre a l&#8217;IGNASI hem celebrat el DIA UNIVERSAL DEL DRETS DELS INFANTS.<br \/>\nPer aix\u00f2 les nenes i els nens d&#8217;educaci\u00f3 infantil hem fet un mat\u00ed d&#8217;activitats on hem descobert qu\u00e8 i quins s\u00f3n els nostres drets, cada nivell al seu ritme.<br \/>\nMireu tot el&hellip;  <a href=\"https:\/\/agora.xtec.cat\/ceip-ignasiiglesias-cornella\/general\/dia-universal-dels-drets-dels-infants-20-de-novembre\/\" title=\"Read DIA UNIVERSAL DELS DRETS DELS INFANTS: 20 de novembre\">Llegeix m\u00e9s\u00bb<\/a><\/p>\n","protected":false},"author":1,"featured_media":5012,"comment_status":"open","ping_status":"closed","sticky":false,"template":"","format":"standard","meta":{"_bbp_topic_count":0,"_bbp_reply_count":0,"_bbp_total_topic_count":0,"_bbp_total_reply_count":0,"_bbp_voice_count":0,"_bbp_anonymous_reply_count":0,"_bbp_topic_count_hidden":0,"_bbp_reply_count_hidden":0,"_bbp_forum_subforum_count":0,"footnotes":""},"categories":[1,2,3,8,9,4],"tags":[835,167,168],"class_list":["post-5009","post","type-post","status-publish","format-standard","has-post-thumbnail","hentry","category-general","category-infantil","category-p3","category-p4","category-p5","category-portada","tag-diauniversaldelsdretsdelsinfants","tag-drets","tag-infants"],"post_mailing_queue_ids":[],"_links":{"self":[{"href":"https:\/\/agora.xtec.cat\/ceip-ignasiiglesias-cornella\/wp-json\/wp\/v2\/posts\/5009","targetHints":{"allow":["GET"]}}],"collection":[{"href":"https:\/\/agora.xtec.cat\/ceip-ignasiiglesias-cornella\/wp-json\/wp\/v2\/posts"}],"about":[{"href":"https:\/\/agora.xtec.cat\/ceip-ignasiiglesias-cornella\/wp-json\/wp\/v2\/types\/post"}],"author":[{"embeddable":true,"href":"https:\/\/agora.xtec.cat\/ceip-ignasiiglesias-cornella\/wp-json\/wp\/v2\/users\/1"}],"replies":[{"embeddable":true,"href":"https:\/\/agora.xtec.cat\/ceip-ignasiiglesias-cornella\/wp-json\/wp\/v2\/comments?post=5009"}],"version-history":[{"count":3,"href":"https:\/\/agora.xtec.cat\/ceip-ignasiiglesias-cornella\/wp-json\/wp\/v2\/posts\/5009\/revisions"}],"predecessor-version":[{"id":5018,"href":"https:\/\/agora.xtec.cat\/ceip-ignasiiglesias-cornella\/wp-json\/wp\/v2\/posts\/5009\/revisions\/5018"}],"wp:featuredmedia":[{"embeddable":true,"href":"https:\/\/agora.xtec.cat\/ceip-ignasiiglesias-cornella\/wp-json\/wp\/v2\/media\/5012"}],"wp:attachment":[{"href":"https:\/\/agora.xtec.cat\/ceip-ignasiiglesias-cornella\/wp-json\/wp\/v2\/media?parent=5009"}],"wp:term":[{"taxonomy":"category","embeddable":true,"href":"https:\/\/agora.xtec.cat\/ceip-ignasiiglesias-cornella\/wp-json\/wp\/v2\/categories?post=5009"},{"taxonomy":"post_tag","embeddable":true,"href":"https:\/\/agora.xtec.cat\/ceip-ignasiiglesias-cornella\/wp-json\/wp\/v2\/tags?post=5009"}],"curies":[{"name":"wp","href":"https:\/\/api.w.org\/{rel}","templated":true}]}}