{"id":4924,"date":"2020-10-29T13:29:25","date_gmt":"2020-10-29T12:29:25","guid":{"rendered":"http:\/\/agora.xtec.cat\/ceip-ignasiiglesias-cornella\/?p=4924"},"modified":"2020-10-29T13:31:11","modified_gmt":"2020-10-29T12:31:11","slug":"benvinguts-al-nou-bloc-de-la-biblioteca-beceroles","status":"publish","type":"post","link":"https:\/\/agora.xtec.cat\/ceip-ignasiiglesias-cornella\/portada\/benvinguts-al-nou-bloc-de-la-biblioteca-beceroles\/","title":{"rendered":"Benvinguts al nou bloc de la Biblioteca Beceroles!"},"content":{"rendered":"<p><strong>Benvinguts al nou bloc de la Biblioteca Beceroles!<\/strong><\/p>\n<p><a href=\"https:\/\/agora.xtec.cat\/ceip-ignasiiglesias-cornella\/wp-content\/uploads\/usu1592\/2020\/10\/foto1.jpg\"><img loading=\"lazy\" decoding=\"async\" class=\"aligncenter wp-image-4925\" src=\"https:\/\/agora.xtec.cat\/ceip-ignasiiglesias-cornella\/wp-content\/uploads\/usu1592\/2020\/10\/foto1.jpg\" alt=\"\" width=\"176\" height=\"249\" srcset=\"https:\/\/agora.xtec.cat\/ceip-ignasiiglesias-cornella\/wp-content\/uploads\/usu1592\/2020\/10\/foto1.jpg 375w, https:\/\/agora.xtec.cat\/ceip-ignasiiglesias-cornella\/wp-content\/uploads\/usu1592\/2020\/10\/foto1-212x300.jpg 212w\" sizes=\"auto, (max-width: 176px) 100vw, 176px\" \/><\/a><\/p>\n<p>Tot i que amb una mica de retard, iniciem un bloc\u2026<\/p>\n<p>Ja sabeu que, com moltes coses aquest any, el funcionament de la biblioteca ser\u00e0 diferent. No podrem gaudir del seu espai f\u00edsic, per\u00f2 aix\u00f2 no vol dir que deixem de llegir ni d\u2019estimar els llibres.<\/p>\n<p>Com ja sabeum, aquest curs el pr\u00e8stec el farem a l\u2019aula. Tindrem molta cura amb la desinfecci\u00f3 i seguirem totes les normes per evitar contagis.<\/p>\n<p><span style=\"font-family: inherit; font-size: 1em;\">\u00c9s per aix\u00f2 que aquesta setmana hem sabut qui eren els nostres primers Perosnatges misteriosos:<\/span><br \/>\nContinuarem amb totes aquelles activitats que puguem realitzar fis\u00edcament i, si arriba el cas, ens tornarem \u201cvirtuals\u201d\u2026<\/p>\n<p><em> <a href=\"https:\/\/agora.xtec.cat\/ceip-ignasiiglesias-cornella\/wp-content\/uploads\/usu1592\/2020\/10\/foto2.jpg\"><img loading=\"lazy\" decoding=\"async\" class=\"aligncenter size-medium wp-image-4926\" src=\"https:\/\/agora.xtec.cat\/ceip-ignasiiglesias-cornella\/wp-content\/uploads\/usu1592\/2020\/10\/foto2-300x127.jpg\" alt=\"\" width=\"300\" height=\"127\" srcset=\"https:\/\/agora.xtec.cat\/ceip-ignasiiglesias-cornella\/wp-content\/uploads\/usu1592\/2020\/10\/foto2-300x127.jpg 300w, https:\/\/agora.xtec.cat\/ceip-ignasiiglesias-cornella\/wp-content\/uploads\/usu1592\/2020\/10\/foto2.jpg 624w\" sizes=\"auto, (max-width: 300px) 100vw, 300px\" \/><\/a><\/em><\/p>\n<p><em>\u00a0<\/em><\/p>\n<p><strong><em>FERNANDO SIM\u00d3<\/em><\/strong><\/p>\n<p><a href=\"https:\/\/agora.xtec.cat\/ceip-ignasiiglesias-cornella\/wp-content\/uploads\/usu1592\/2020\/10\/foto-3.jpg\"><img loading=\"lazy\" decoding=\"async\" class=\"alignleft wp-image-4927\" src=\"https:\/\/agora.xtec.cat\/ceip-ignasiiglesias-cornella\/wp-content\/uploads\/usu1592\/2020\/10\/foto-3-300x276.jpg\" alt=\"\" width=\"184\" height=\"170\" srcset=\"https:\/\/agora.xtec.cat\/ceip-ignasiiglesias-cornella\/wp-content\/uploads\/usu1592\/2020\/10\/foto-3-300x276.jpg 300w, https:\/\/agora.xtec.cat\/ceip-ignasiiglesias-cornella\/wp-content\/uploads\/usu1592\/2020\/10\/foto-3.jpg 387w\" sizes=\"auto, (max-width: 184px) 100vw, 184px\" \/><\/a><\/p>\n<p><em>Como director del Centro de Coordinaci\u00f3n de Alertas y Emergencias <\/em><\/p>\n<p><em>Sanitarias del Ministerio de Sanidad, desde marzo de 2020 est\u00e1 al frente de la\u00a0<\/em><a href=\"https:\/\/es.wikipedia.org\/wiki\/Pandemia_de_COVID-19\"><em>pandemia de COVID-19<\/em><\/a><em>\u00a0en<\/em><\/p>\n<p><em>Espa\u00f1a. Su actuaci\u00f3n gener\u00f3 y genera controversias, siendo alabado por unos y denostado por otros<\/em><\/p>\n<p><em>\u00a0<\/em><\/p>\n<p><em>\u00a0<\/em><\/p>\n<p><strong><em>ELS BARRUFETS<\/em><\/strong><\/p>\n<p style=\"font-family: 'Helvetica Neue', Helvetica, Helvetica, Arial, sans-serif; font-size: 16px;\"><img loading=\"lazy\" decoding=\"async\" class=\"aligncenter wp-image-4928 size-medium\" src=\"https:\/\/agora.xtec.cat\/ceip-ignasiiglesias-cornella\/wp-content\/uploads\/usu1592\/2020\/10\/foto-4-300x120.jpg\" alt=\"\" width=\"300\" height=\"120\" srcset=\"https:\/\/agora.xtec.cat\/ceip-ignasiiglesias-cornella\/wp-content\/uploads\/usu1592\/2020\/10\/foto-4-300x120.jpg 300w, https:\/\/agora.xtec.cat\/ceip-ignasiiglesias-cornella\/wp-content\/uploads\/usu1592\/2020\/10\/foto-4-768x307.jpg 768w, https:\/\/agora.xtec.cat\/ceip-ignasiiglesias-cornella\/wp-content\/uploads\/usu1592\/2020\/10\/foto-4-1024x410.jpg 1024w, https:\/\/agora.xtec.cat\/ceip-ignasiiglesias-cornella\/wp-content\/uploads\/usu1592\/2020\/10\/foto-4.jpg 1400w\" sizes=\"auto, (max-width: 300px) 100vw, 300px\" \/><\/p>\n<p>&nbsp;<\/p>\n<p><em>S\u00e8rie de\u00a0<\/em><a href=\"https:\/\/ca.wikipedia.org\/wiki\/C%C3%B2mic\"><em>c\u00f2mic<\/em><\/a><em>\u00a0<\/em><em>i<\/em><em style=\"font-family: inherit; font-size: 1em;\">nfantil creada per Pierre Culliford &#8220;<\/em><a style=\"font-family: inherit; font-size: 1em;\" href=\"https:\/\/ca.wikipedia.org\/wiki\/Peyo\"><em>Peyo<\/em><\/a><em style=\"font-family: inherit; font-size: 1em;\">&#8221; (<\/em><a style=\"font-family: inherit; font-size: 1em;\" href=\"https:\/\/ca.wikipedia.org\/wiki\/1928\"><em>1928<\/em><\/a><em style=\"font-family: inherit; font-size: 1em;\">&#8211;<\/em><a style=\"font-family: inherit; font-size: 1em;\" href=\"https:\/\/ca.wikipedia.org\/wiki\/1992\"><em>1992<\/em><\/a><em style=\"font-family: inherit; font-size: 1em;\">).<\/em><\/p>\n<p><em>Els protagoniste<\/em><em style=\"font-family: inherit; font-size: 1em;\">s s\u00f3n\u00a0<\/em><a style=\"font-family: inherit; font-size: 1em;\" href=\"https:\/\/ca.wikipedia.org\/wiki\/Follet\"><em>follets<\/em><\/a><em style=\"font-family: inherit; font-size: 1em;\"> de color\u00a0<\/em><a style=\"font-family: inherit; font-size: 1em;\" href=\"https:\/\/ca.wikipedia.org\/wiki\/Blau\"><em>blau<\/em><\/a><em style=\"font-family: inherit; font-size: 1em;\">\u00a0<\/em><em style=\"font-family: inherit; font-size: 1em;\">molt petits (de tres pomes d&#8217;al\u00e7ada) que viuen al bosc, dins de bolets que fan servir de cases, i van vestits amb\u00a0<\/em><a style=\"font-family: inherit; font-size: 1em;\" href=\"https:\/\/ca.wikipedia.org\/wiki\/Pantalons\"><em>pantalons<\/em><\/a><em style=\"font-family: inherit; font-size: 1em;\">\u00a0<\/em><em style=\"font-family: inherit; font-size: 1em;\">i\u00a0<\/em><a style=\"font-family: inherit; font-size: 1em;\" href=\"https:\/\/ca.wikipedia.org\/wiki\/Barretina\"><em>barretina<\/em><\/a><em style=\"font-family: inherit; font-size: 1em;\">\u00a0<\/em><em style=\"font-family: inherit; font-size: 1em;\">blanca.<\/em><\/p>\n<p>&nbsp;<\/p>\n<p><strong>Ben aviat tornareu a tenir not\u00edcies de la <em>biblio!<\/em><\/strong><\/p>\n","protected":false},"excerpt":{"rendered":"<p>Benvinguts al nou bloc de la biblioteca Beceroles&hellip;  <a href=\"https:\/\/agora.xtec.cat\/ceip-ignasiiglesias-cornella\/portada\/benvinguts-al-nou-bloc-de-la-biblioteca-beceroles\/\" title=\"Read Benvinguts al nou bloc de la Biblioteca Beceroles!\">Llegeix m\u00e9s\u00bb<\/a><\/p>\n","protected":false},"author":52,"featured_media":4925,"comment_status":"open","ping_status":"closed","sticky":false,"template":"","format":"standard","meta":{"_bbp_topic_count":0,"_bbp_reply_count":0,"_bbp_total_topic_count":0,"_bbp_total_reply_count":0,"_bbp_voice_count":0,"_bbp_anonymous_reply_count":0,"_bbp_topic_count_hidden":0,"_bbp_reply_count_hidden":0,"_bbp_forum_subforum_count":0,"footnotes":""},"categories":[819,4],"tags":[90,825],"class_list":["post-4924","post","type-post","status-publish","format-standard","has-post-thumbnail","hentry","category-biblioteca","category-portada","tag-biblioteca","tag-personatge-misterios"],"post_mailing_queue_ids":[],"_links":{"self":[{"href":"https:\/\/agora.xtec.cat\/ceip-ignasiiglesias-cornella\/wp-json\/wp\/v2\/posts\/4924","targetHints":{"allow":["GET"]}}],"collection":[{"href":"https:\/\/agora.xtec.cat\/ceip-ignasiiglesias-cornella\/wp-json\/wp\/v2\/posts"}],"about":[{"href":"https:\/\/agora.xtec.cat\/ceip-ignasiiglesias-cornella\/wp-json\/wp\/v2\/types\/post"}],"author":[{"embeddable":true,"href":"https:\/\/agora.xtec.cat\/ceip-ignasiiglesias-cornella\/wp-json\/wp\/v2\/users\/52"}],"replies":[{"embeddable":true,"href":"https:\/\/agora.xtec.cat\/ceip-ignasiiglesias-cornella\/wp-json\/wp\/v2\/comments?post=4924"}],"version-history":[{"count":3,"href":"https:\/\/agora.xtec.cat\/ceip-ignasiiglesias-cornella\/wp-json\/wp\/v2\/posts\/4924\/revisions"}],"predecessor-version":[{"id":4931,"href":"https:\/\/agora.xtec.cat\/ceip-ignasiiglesias-cornella\/wp-json\/wp\/v2\/posts\/4924\/revisions\/4931"}],"wp:featuredmedia":[{"embeddable":true,"href":"https:\/\/agora.xtec.cat\/ceip-ignasiiglesias-cornella\/wp-json\/wp\/v2\/media\/4925"}],"wp:attachment":[{"href":"https:\/\/agora.xtec.cat\/ceip-ignasiiglesias-cornella\/wp-json\/wp\/v2\/media?parent=4924"}],"wp:term":[{"taxonomy":"category","embeddable":true,"href":"https:\/\/agora.xtec.cat\/ceip-ignasiiglesias-cornella\/wp-json\/wp\/v2\/categories?post=4924"},{"taxonomy":"post_tag","embeddable":true,"href":"https:\/\/agora.xtec.cat\/ceip-ignasiiglesias-cornella\/wp-json\/wp\/v2\/tags?post=4924"}],"curies":[{"name":"wp","href":"https:\/\/api.w.org\/{rel}","templated":true}]}}