{"id":4800,"date":"2020-07-07T12:42:46","date_gmt":"2020-07-07T10:42:46","guid":{"rendered":"http:\/\/agora.xtec.cat\/ceip-ignasiiglesias-cornella\/?p=4800"},"modified":"2020-07-07T12:42:46","modified_gmt":"2020-07-07T10:42:46","slug":"formalitzacio-de-matricula-del-13-al-17-de-juliol","status":"publish","type":"post","link":"https:\/\/agora.xtec.cat\/ceip-ignasiiglesias-cornella\/general\/formalitzacio-de-matricula-del-13-al-17-de-juliol\/","title":{"rendered":"FORMALITZACI\u00d3 DE MATR\u00cdCULA DEL 13 AL 17 DE JULIOL"},"content":{"rendered":"<div><\/div>\n<div><\/div>\n<div>La formalitzaci\u00f3 d&#8217;aquesta matr\u00edcula la podran portar a termini,\u00a0<b>entre el 13 i el 17 de juliol<\/b>, de dues maneres diferents:<\/div>\n<p>&nbsp;<\/p>\n<ol>\n<li style=\"list-style-type: none;\">\n<ol>\n<li style=\"list-style-type: none;\">\n<ol>\n<li style=\"list-style-type: none;\">\n<ol>\n<li style=\"list-style-type: none;\">\n<ol>\n<li>Presencialment al centre<\/li>\n<li>Per correu electr\u00f2nic a la b\u00fastia del centre\u00a0 \u00a0 <a href=\"mailto:a8037966@xtec.cat\">a8037966@xtec.cat<\/a><\/li>\n<\/ol>\n<\/li>\n<\/ol>\n<\/li>\n<\/ol>\n<\/li>\n<\/ol>\n<\/li>\n<\/ol>\n<p>En tots dos casos ens haureu de proporcionar la seg\u00fcent\u00a0<b>documentaci\u00f3<\/b>:<\/p>\n<div>\n<ol>\n<li><b>El carnet de vacunacions<\/b>\u00a0del vostre fill\/a amb les dosis de les vacunes i les dates corresponents, o, si no es t\u00e9, el certificat m\u00e8dic oficial o el carnet de salut de l&#8217;infant amb les dosis de vacunes rebudes i les dates corresponents. Si l&#8217;infant no ha estat vacunat per indicaci\u00f3 m\u00e8dica o per altres circumst\u00e0ncies, cal presentar un certificat m\u00e8dic oficial justificatiu.<\/li>\n<li><b>El DNI renovat amb l&#8217;adre\u00e7a nova<\/b>, si no es va poder presentar en la preinscripci\u00f3.<\/li>\n<li><b>La targeta sanit\u00e0ria o equivalent<\/b>\u00a0(MUFACE) de l&#8217;infant.<\/li>\n<\/ol>\n<\/div>\n","protected":false},"excerpt":{"rendered":"<p>La formalitzaci\u00f3 d&#8217;aquesta matr\u00edcula la podran portar a termini,\u00a0entre el 13 i el 17 de juliol, de dues maneres diferents:<br \/>\n&nbsp;<\/p>\n<ol>\n<li style=\"list-style-type: none;\">\n<ol>\n<li style=\"list-style-type: none;\">\n<ol>\n<li style=\"list-style-type: none;\">\n<ol>\n<li style=\"list-style-type: none;\">\n<ol>\n<li>Presencialment al centre<\/li>\n<li>Per correu electr\u00f2nic a la b\u00fastia del centre\u00a0 \u00a0 <a href=\"mailto:a8037966@xtec.cat\">a8037966@xtec.cat<\/a><\/li>\n<\/ol>\n<\/li>\n<\/ol>\n<\/li>\n<\/ol>\n<\/li>\n<\/ol>\n<\/li>\n<\/ol>\n<p>En tots dos casos ens haureu&hellip;  <a href=\"https:\/\/agora.xtec.cat\/ceip-ignasiiglesias-cornella\/general\/formalitzacio-de-matricula-del-13-al-17-de-juliol\/\" title=\"Read FORMALITZACI\u00d3 DE MATR\u00cdCULA DEL 13 AL 17 DE JULIOL\">Llegeix m\u00e9s\u00bb<\/a><\/p>\n","protected":false},"author":1,"featured_media":0,"comment_status":"open","ping_status":"closed","sticky":false,"template":"","format":"standard","meta":{"_bbp_topic_count":0,"_bbp_reply_count":0,"_bbp_total_topic_count":0,"_bbp_total_reply_count":0,"_bbp_voice_count":0,"_bbp_anonymous_reply_count":0,"_bbp_topic_count_hidden":0,"_bbp_reply_count_hidden":0,"_bbp_forum_subforum_count":0,"footnotes":""},"categories":[1],"tags":[817,337],"class_list":["post-4800","post","type-post","status-publish","format-standard","hentry","category-general","tag-curs20-21","tag-matricula"],"post_mailing_queue_ids":[],"_links":{"self":[{"href":"https:\/\/agora.xtec.cat\/ceip-ignasiiglesias-cornella\/wp-json\/wp\/v2\/posts\/4800","targetHints":{"allow":["GET"]}}],"collection":[{"href":"https:\/\/agora.xtec.cat\/ceip-ignasiiglesias-cornella\/wp-json\/wp\/v2\/posts"}],"about":[{"href":"https:\/\/agora.xtec.cat\/ceip-ignasiiglesias-cornella\/wp-json\/wp\/v2\/types\/post"}],"author":[{"embeddable":true,"href":"https:\/\/agora.xtec.cat\/ceip-ignasiiglesias-cornella\/wp-json\/wp\/v2\/users\/1"}],"replies":[{"embeddable":true,"href":"https:\/\/agora.xtec.cat\/ceip-ignasiiglesias-cornella\/wp-json\/wp\/v2\/comments?post=4800"}],"version-history":[{"count":1,"href":"https:\/\/agora.xtec.cat\/ceip-ignasiiglesias-cornella\/wp-json\/wp\/v2\/posts\/4800\/revisions"}],"predecessor-version":[{"id":4801,"href":"https:\/\/agora.xtec.cat\/ceip-ignasiiglesias-cornella\/wp-json\/wp\/v2\/posts\/4800\/revisions\/4801"}],"wp:attachment":[{"href":"https:\/\/agora.xtec.cat\/ceip-ignasiiglesias-cornella\/wp-json\/wp\/v2\/media?parent=4800"}],"wp:term":[{"taxonomy":"category","embeddable":true,"href":"https:\/\/agora.xtec.cat\/ceip-ignasiiglesias-cornella\/wp-json\/wp\/v2\/categories?post=4800"},{"taxonomy":"post_tag","embeddable":true,"href":"https:\/\/agora.xtec.cat\/ceip-ignasiiglesias-cornella\/wp-json\/wp\/v2\/tags?post=4800"}],"curies":[{"name":"wp","href":"https:\/\/api.w.org\/{rel}","templated":true}]}}