{"id":4793,"date":"2020-06-19T09:48:04","date_gmt":"2020-06-19T07:48:04","guid":{"rendered":"http:\/\/agora.xtec.cat\/ceip-ignasiiglesias-cornella\/?p=4793"},"modified":"2020-06-19T09:49:05","modified_gmt":"2020-06-19T07:49:05","slug":"deures-destiu-6e","status":"publish","type":"post","link":"https:\/\/agora.xtec.cat\/ceip-ignasiiglesias-cornella\/general\/deures-destiu-6e\/","title":{"rendered":"DEURES D&#8217;ESTIU 6\u00e8"},"content":{"rendered":"<h1 style=\"text-align: center;\">Hola noies i nois,<\/h1>\n<p>Despr\u00e8s d&#8217;acabar el curs us mereixeu molt descansar. Per\u00f2&#8230; aqu\u00ed us deixem uns petits deures, quan els veieu no \u00e9s tant. Els deures sempre angoixen, per\u00f2 cal que no perdeu el ritme per comen\u00e7ar la nova etapa del proper curs.<\/p>\n<h1 style=\"text-align: center;\">\u00c0nims i molta for\u00e7a a totes i tots.<\/h1>\n<p><a href=\"https:\/\/agora.xtec.cat\/ceip-ignasiiglesias-cornella\/wp-content\/uploads\/usu1592\/2020\/06\/deures-estiu-6%C3%A8.pdf\"><img loading=\"lazy\" decoding=\"async\" class=\"aligncenter size-medium wp-image-4795\" src=\"https:\/\/agora.xtec.cat\/ceip-ignasiiglesias-cornella\/wp-content\/uploads\/usu1592\/2020\/06\/web-300x238.jpg\" alt=\"\" width=\"300\" height=\"238\" srcset=\"https:\/\/agora.xtec.cat\/ceip-ignasiiglesias-cornella\/wp-content\/uploads\/usu1592\/2020\/06\/web-300x238.jpg 300w, https:\/\/agora.xtec.cat\/ceip-ignasiiglesias-cornella\/wp-content\/uploads\/usu1592\/2020\/06\/web-768x610.jpg 768w, https:\/\/agora.xtec.cat\/ceip-ignasiiglesias-cornella\/wp-content\/uploads\/usu1592\/2020\/06\/web.jpg 943w\" sizes=\"auto, (max-width: 300px) 100vw, 300px\" \/><\/a><\/p>\n","protected":false},"excerpt":{"rendered":"<p>Hola noies i nois,<br \/>\nDespr\u00e8s d&#8217;acabar el curs us mereixeu molt descansar. Per\u00f2&#8230; aqu\u00ed us deixem uns petits deures, quan els veieu no \u00e9s tant. Els deures sempre angoixen, per\u00f2 cal que no perdeu el ritme per comen\u00e7ar la nova etapa del proper curs.<br \/>\n\u00c0nims i molta&hellip;  <a href=\"https:\/\/agora.xtec.cat\/ceip-ignasiiglesias-cornella\/general\/deures-destiu-6e\/\" title=\"Read DEURES D&#8217;ESTIU 6\u00e8\">Llegeix m\u00e9s\u00bb<\/a><\/p>\n","protected":false},"author":1,"featured_media":4186,"comment_status":"open","ping_status":"closed","sticky":false,"template":"","format":"standard","meta":{"_bbp_topic_count":0,"_bbp_reply_count":0,"_bbp_total_topic_count":0,"_bbp_total_reply_count":0,"_bbp_voice_count":0,"_bbp_anonymous_reply_count":0,"_bbp_topic_count_hidden":0,"_bbp_reply_count_hidden":0,"_bbp_forum_subforum_count":0,"footnotes":""},"categories":[815,14,1,4],"tags":[816,291,417],"class_list":["post-4793","post","type-post","status-publish","format-standard","has-post-thumbnail","hentry","category-6e","category-cicle-superior","category-general","category-portada","tag-deuresestiu","tag-6e","tag-estiu"],"post_mailing_queue_ids":[],"_links":{"self":[{"href":"https:\/\/agora.xtec.cat\/ceip-ignasiiglesias-cornella\/wp-json\/wp\/v2\/posts\/4793","targetHints":{"allow":["GET"]}}],"collection":[{"href":"https:\/\/agora.xtec.cat\/ceip-ignasiiglesias-cornella\/wp-json\/wp\/v2\/posts"}],"about":[{"href":"https:\/\/agora.xtec.cat\/ceip-ignasiiglesias-cornella\/wp-json\/wp\/v2\/types\/post"}],"author":[{"embeddable":true,"href":"https:\/\/agora.xtec.cat\/ceip-ignasiiglesias-cornella\/wp-json\/wp\/v2\/users\/1"}],"replies":[{"embeddable":true,"href":"https:\/\/agora.xtec.cat\/ceip-ignasiiglesias-cornella\/wp-json\/wp\/v2\/comments?post=4793"}],"version-history":[{"count":2,"href":"https:\/\/agora.xtec.cat\/ceip-ignasiiglesias-cornella\/wp-json\/wp\/v2\/posts\/4793\/revisions"}],"predecessor-version":[{"id":4797,"href":"https:\/\/agora.xtec.cat\/ceip-ignasiiglesias-cornella\/wp-json\/wp\/v2\/posts\/4793\/revisions\/4797"}],"wp:featuredmedia":[{"embeddable":true,"href":"https:\/\/agora.xtec.cat\/ceip-ignasiiglesias-cornella\/wp-json\/wp\/v2\/media\/4186"}],"wp:attachment":[{"href":"https:\/\/agora.xtec.cat\/ceip-ignasiiglesias-cornella\/wp-json\/wp\/v2\/media?parent=4793"}],"wp:term":[{"taxonomy":"category","embeddable":true,"href":"https:\/\/agora.xtec.cat\/ceip-ignasiiglesias-cornella\/wp-json\/wp\/v2\/categories?post=4793"},{"taxonomy":"post_tag","embeddable":true,"href":"https:\/\/agora.xtec.cat\/ceip-ignasiiglesias-cornella\/wp-json\/wp\/v2\/tags?post=4793"}],"curies":[{"name":"wp","href":"https:\/\/api.w.org\/{rel}","templated":true}]}}