{"id":4767,"date":"2020-06-05T17:07:04","date_gmt":"2020-06-05T15:07:04","guid":{"rendered":"http:\/\/agora.xtec.cat\/ceip-ignasiiglesias-cornella\/?p=4767"},"modified":"2020-08-27T12:42:37","modified_gmt":"2020-08-27T10:42:37","slug":"les-capsules-del-confinament","status":"publish","type":"post","link":"https:\/\/agora.xtec.cat\/ceip-ignasiiglesias-cornella\/general\/les-capsules-del-confinament\/","title":{"rendered":"LES C\u00c0PSULES DEL CONFINAMENT."},"content":{"rendered":"<table class=\" alignleft\" style=\"height: 382px; width: 470px;\" width=\"470\">\n<tbody>\n<tr style=\"height: 311px;\">\n<td style=\"width: 464px; height: 311px;\">\n<p style=\"text-align: justify;\">TOTES LES PERSONES QUE FORMEM PART DE <strong>L&#8217;IGNASI<\/strong> EN EDUCACI\u00d3 INFANTIL HEM VOLGUT RECOLLIR SENTIMENTS, EMOCIONS, ESTATS D&#8217;\u00c0NIMS, EXPERI\u00c8NCIES VISCUDES I FER-LES ARRIBAR ALS NOSTRES COMPANYS.<\/p>\n<p style=\"text-align: justify;\">\u00c9S PER AIX\u00d2 QUE US DEIXEM UN TEMPS AQUEST ARTICLE, ON HEM RECOLLIT TOTES LES C\u00c0PSULES QUE ENS HEU FET ARRIBAR PER TAL QUE ENTRE ELS INFANTS ES PUGUIN VEURE.<\/p>\n<p style=\"text-align: justify;\">VEURE COM ELS ALTRES S&#8217;HAN SENTIT TAMB\u00c9.<\/p>\n<p style=\"text-align: justify;\">ESPEREM QUE US AGRADIN.<\/p>\n<p style=\"text-align: justify;\">PETONS.<\/p>\n<p style=\"text-align: justify;\">EL FAREM DESAPAR\u00c8IXER PER PODER-LO RESCATAR M\u00c9S ENDAVANT<\/p>\n<\/td>\n<\/tr>\n<\/tbody>\n<\/table>\n<p><a href=\"https:\/\/agora.xtec.cat\/ceip-ignasiiglesias-cornella\/fotos\/educacio-infantil-2019-2020\/\"><img loading=\"lazy\" decoding=\"async\" class=\"alignnone size-full wp-image-4768\" src=\"https:\/\/agora.xtec.cat\/ceip-ignasiiglesias-cornella\/wp-content\/uploads\/usu1592\/2020\/06\/capsula-del-tiempo.jpg\" alt=\"\" width=\"500\" height=\"375\" srcset=\"https:\/\/agora.xtec.cat\/ceip-ignasiiglesias-cornella\/wp-content\/uploads\/usu1592\/2020\/06\/capsula-del-tiempo.jpg 500w, https:\/\/agora.xtec.cat\/ceip-ignasiiglesias-cornella\/wp-content\/uploads\/usu1592\/2020\/06\/capsula-del-tiempo-300x225.jpg 300w, https:\/\/agora.xtec.cat\/ceip-ignasiiglesias-cornella\/wp-content\/uploads\/usu1592\/2020\/06\/capsula-del-tiempo-200x150.jpg 200w\" sizes=\"auto, (max-width: 500px) 100vw, 500px\" \/><\/a><\/p>\n","protected":false},"excerpt":{"rendered":"<p>TOTES LES PERSONES QUE FORMEM PART DE L&#8217;IGNASI EN EDUCACI\u00d3 INFANTIL HEM VOLGUT RECOLLIR SENTIMENTS, EMOCIONS, ESTATS D&#8217;\u00c0NIMS, EXPERI\u00c8NCIES VISCUDES I FER-LES ARRIBAR ALS NOSTRES COMPANYS.<br \/>\n\u00c9S PER AIX\u00d2 QUE US DEIXEM UN TEMPS AQUEST ARTICLE, ON HEM RECOLLIT TOTES LES C\u00c0PSULES QUE ENS HEU FET&hellip;  <a href=\"https:\/\/agora.xtec.cat\/ceip-ignasiiglesias-cornella\/general\/les-capsules-del-confinament\/\" title=\"Read LES C\u00c0PSULES DEL CONFINAMENT.\">Llegeix m\u00e9s\u00bb<\/a><\/p>\n","protected":false},"author":1,"featured_media":4768,"comment_status":"closed","ping_status":"closed","sticky":false,"template":"","format":"standard","meta":{"_bbp_topic_count":0,"_bbp_reply_count":0,"_bbp_total_topic_count":0,"_bbp_total_reply_count":0,"_bbp_voice_count":0,"_bbp_anonymous_reply_count":0,"_bbp_topic_count_hidden":0,"_bbp_reply_count_hidden":0,"_bbp_forum_subforum_count":0,"footnotes":""},"categories":[1],"tags":[813,723,788],"class_list":["post-4767","post","type-post","status-publish","format-standard","has-post-thumbnail","hentry","category-general","tag-capsules","tag-totsortirabe","tag-confinament"],"post_mailing_queue_ids":[],"_links":{"self":[{"href":"https:\/\/agora.xtec.cat\/ceip-ignasiiglesias-cornella\/wp-json\/wp\/v2\/posts\/4767","targetHints":{"allow":["GET"]}}],"collection":[{"href":"https:\/\/agora.xtec.cat\/ceip-ignasiiglesias-cornella\/wp-json\/wp\/v2\/posts"}],"about":[{"href":"https:\/\/agora.xtec.cat\/ceip-ignasiiglesias-cornella\/wp-json\/wp\/v2\/types\/post"}],"author":[{"embeddable":true,"href":"https:\/\/agora.xtec.cat\/ceip-ignasiiglesias-cornella\/wp-json\/wp\/v2\/users\/1"}],"replies":[{"embeddable":true,"href":"https:\/\/agora.xtec.cat\/ceip-ignasiiglesias-cornella\/wp-json\/wp\/v2\/comments?post=4767"}],"version-history":[{"count":4,"href":"https:\/\/agora.xtec.cat\/ceip-ignasiiglesias-cornella\/wp-json\/wp\/v2\/posts\/4767\/revisions"}],"predecessor-version":[{"id":4830,"href":"https:\/\/agora.xtec.cat\/ceip-ignasiiglesias-cornella\/wp-json\/wp\/v2\/posts\/4767\/revisions\/4830"}],"wp:featuredmedia":[{"embeddable":true,"href":"https:\/\/agora.xtec.cat\/ceip-ignasiiglesias-cornella\/wp-json\/wp\/v2\/media\/4768"}],"wp:attachment":[{"href":"https:\/\/agora.xtec.cat\/ceip-ignasiiglesias-cornella\/wp-json\/wp\/v2\/media?parent=4767"}],"wp:term":[{"taxonomy":"category","embeddable":true,"href":"https:\/\/agora.xtec.cat\/ceip-ignasiiglesias-cornella\/wp-json\/wp\/v2\/categories?post=4767"},{"taxonomy":"post_tag","embeddable":true,"href":"https:\/\/agora.xtec.cat\/ceip-ignasiiglesias-cornella\/wp-json\/wp\/v2\/tags?post=4767"}],"curies":[{"name":"wp","href":"https:\/\/api.w.org\/{rel}","templated":true}]}}