{"id":4749,"date":"2023-04-27T11:06:37","date_gmt":"2023-04-27T09:06:37","guid":{"rendered":"http:\/\/agora.xtec.cat\/ceip-ignasiiglesias-cornella\/?p=4749"},"modified":"2023-05-14T15:58:07","modified_gmt":"2023-05-14T13:58:07","slug":"ajuts-menjador-escolar-curs-2020-2021","status":"publish","type":"post","link":"https:\/\/agora.xtec.cat\/ceip-ignasiiglesias-cornella\/general\/ajuts-menjador-escolar-curs-2020-2021\/","title":{"rendered":"AJUTS MENJADOR ESCOLAR CURS 2023-2024"},"content":{"rendered":"<p>&nbsp;<\/p>\n<p>&nbsp;<\/p>\n<div>\n<div style=\"text-align: center;\"><strong>CONVOCAT\u00d2RIA D&#8217;AJUTS DE MENJADOR ESCOLAR BAIX LLOBREGAT CURS 2023-2024<\/strong><\/div>\n<div><\/div>\n<div><span style=\"font-family: tahoma, sans-serif;\">Benvolgudes fam\u00edlies,<br \/>\n<\/span><\/div>\n<div><span style=\"font-family: tahoma, sans-serif;\">\u00a0<\/span><\/div>\n<div><span style=\"font-family: tahoma, sans-serif;\">Us\u00a0informem que en la web del Consell Comarcal del Baix Llobregat est\u00e0 disponible\u00a0 la informaci\u00f3 relativa a la\u00a0<strong>convocat\u00f2ria de <\/strong><\/span><\/div>\n<div><\/div>\n<div><span style=\"font-family: tahoma, sans-serif;\"><strong>menjador escolar 2023-2024<\/strong>.\u00a0Els ajuts s&#8217;adrecen al segon cicle d&#8217;educaci\u00f3 infantil, prim\u00e0ria i secund\u00e0ria (que tinguin servei de <\/span><\/div>\n<div><\/div>\n<div>\n<p><span style=\"font-family: tahoma, sans-serif;\">menjador escolar).<\/span><\/p>\n<div><\/div>\n<div><span style=\"font-family: tahoma, sans-serif;\">Recordeu\u00a0<strong>que la sol\u00b7licitud \u00e9s telem\u00e0tica.\u00a0<\/strong>L&#8217;enlla\u00e7 per tramitar la sol\u00b7licitud \u00e9s:\u00a0<strong><a href=\"https:\/\/www.elbaixllobregat.cat\/ajuts-menjador-2023-2024\" target=\"_blank\" rel=\"noopener\" data-saferedirecturl=\"https:\/\/www.google.com\/url?q=https:\/\/www.elbaixllobregat.cat\/ajuts-menjador-2023-2024&amp;source=gmail&amp;ust=1684158204087000&amp;usg=AOvVaw3GSiz1uZUgzgBnMQpHgyMT\">Sol\u00b7licitud d&#8217;ajut de menjador escolar 2023-2024<\/a><\/strong><br \/>\n<\/span><\/div>\n<\/div>\n<div><span style=\"font-family: tahoma, sans-serif;\">\u00a0<\/span><\/div>\n<div><span style=\"font-family: tahoma, sans-serif;\">Es podran presentar les sol\u00b7licituds\u00a0<strong>des del 15 de maig al 29 de maig de 2023.<\/strong>\u00a0 Per facilitar la tramitaci\u00f3 de sol\u00b7licituds es podr\u00e0 <\/span><\/div>\n<div><\/div>\n<div><span style=\"font-family: tahoma, sans-serif;\">renovar la sol\u00b7licitud o introduir de noves.\u00a0Pel que fa a la documentaci\u00f3 que s&#8217;ha d&#8217;adjuntar a la sol\u00b7licitud\u00a0(DNI, NIE, conveni de <\/span><\/div>\n<div><\/div>\n<div><span style=\"font-family: tahoma, sans-serif;\">separaci\u00f3, volant\u00a0\u00a0de\u00a0conviv\u00e8ncia\u00a0col\u00b7<wbr \/>lectiu&#8230;) no caldr\u00e0 tornar a presentar si es va presentar correctament en la\u00a0convocat\u00f2ria\u00a0anterior i <\/span><\/div>\n<div><\/div>\n<div><span style=\"font-family: tahoma, sans-serif;\">no ha variat. En la resta de casos ser\u00e0 necessari adjuntar la documentaci\u00f3 al tr\u00e0mit de sol\u00b7licitud.\u00a0En la p\u00e0gina web del Consell estar\u00e0 <\/span><\/div>\n<div><\/div>\n<div><span style=\"font-family: tahoma, sans-serif;\">disponible la llista de tel\u00e8fons d&#8217;informaci\u00f3 telef\u00f2nica.<br \/>\n<\/span><\/div>\n<div><span style=\"font-family: tahoma, sans-serif;\">\u00a0<\/span><\/div>\n<div><\/div>\n<div><\/div>\n<div><span style=\"font-family: tahoma, sans-serif;\">\u00a0<\/span><\/div>\n<div><span style=\"font-family: tahoma, sans-serif;\">Atentament,<\/span><\/div>\n<div><span style=\"font-family: tahoma, sans-serif;\">\u00a0<\/span><\/div>\n<div><span style=\"font-family: tahoma, sans-serif;\">\u00a0<\/span><\/div>\n<\/div>\n<div>\n<div dir=\"ltr\" data-smartmail=\"gmail_signature\">\n<div dir=\"ltr\">\n<div dir=\"ltr\">\n<div dir=\"ltr\">\n<div dir=\"ltr\">\n<div dir=\"ltr\">\n<div>\n<div><span style=\"font-size: small;\"><b><span style=\"color: #000000; font-family: tahoma, sans-serif;\">Direcci\u00f3 Escola Ignasi Iglesias<\/span><\/b><\/span><\/div>\n<\/div>\n<\/div>\n<\/div>\n<\/div>\n<\/div>\n<\/div>\n<\/div>\n<\/div>\n<p>&nbsp;<\/p>\n","protected":false},"excerpt":{"rendered":"<p>&nbsp;<br \/>\n&nbsp;<\/p>\n<p>CONVOCAT\u00d2RIA D&#8217;AJUTS DE MENJADOR ESCOLAR BAIX LLOBREGAT CURS 2023-2024<\/p>\n<p>Benvolgudes fam\u00edlies,<\/p>\n<p>\u00a0<br \/>\nUs\u00a0informem que en la web del Consell Comarcal del Baix Llobregat est\u00e0 disponible\u00a0 la informaci\u00f3 relativa a la\u00a0convocat\u00f2ria de <\/p>\n<p>menjador escolar 2023-2024.\u00a0Els ajuts s&#8217;adrecen al segon cicle d&#8217;educaci\u00f3 infantil, prim\u00e0ria i secund\u00e0ria (que tinguin servei de&hellip;  <a href=\"https:\/\/agora.xtec.cat\/ceip-ignasiiglesias-cornella\/general\/ajuts-menjador-escolar-curs-2020-2021\/\" title=\"Read AJUTS MENJADOR ESCOLAR CURS 2023-2024\">Llegeix m\u00e9s\u00bb<\/a><\/p>\n","protected":false},"author":1,"featured_media":0,"comment_status":"open","ping_status":"closed","sticky":false,"template":"","format":"standard","meta":{"_bbp_topic_count":0,"_bbp_reply_count":0,"_bbp_total_topic_count":0,"_bbp_total_reply_count":0,"_bbp_voice_count":0,"_bbp_anonymous_reply_count":0,"_bbp_topic_count_hidden":0,"_bbp_reply_count_hidden":0,"_bbp_forum_subforum_count":0,"footnotes":""},"categories":[1,2,4,5],"tags":[811,812,178],"class_list":["post-4749","post","type-post","status-publish","format-standard","hentry","category-general","category-infantil","category-portada","category-primaria","tag-bequesmenjador","tag-consellcomarcal","tag-menjador"],"post_mailing_queue_ids":[],"_links":{"self":[{"href":"https:\/\/agora.xtec.cat\/ceip-ignasiiglesias-cornella\/wp-json\/wp\/v2\/posts\/4749","targetHints":{"allow":["GET"]}}],"collection":[{"href":"https:\/\/agora.xtec.cat\/ceip-ignasiiglesias-cornella\/wp-json\/wp\/v2\/posts"}],"about":[{"href":"https:\/\/agora.xtec.cat\/ceip-ignasiiglesias-cornella\/wp-json\/wp\/v2\/types\/post"}],"author":[{"embeddable":true,"href":"https:\/\/agora.xtec.cat\/ceip-ignasiiglesias-cornella\/wp-json\/wp\/v2\/users\/1"}],"replies":[{"embeddable":true,"href":"https:\/\/agora.xtec.cat\/ceip-ignasiiglesias-cornella\/wp-json\/wp\/v2\/comments?post=4749"}],"version-history":[{"count":4,"href":"https:\/\/agora.xtec.cat\/ceip-ignasiiglesias-cornella\/wp-json\/wp\/v2\/posts\/4749\/revisions"}],"predecessor-version":[{"id":7076,"href":"https:\/\/agora.xtec.cat\/ceip-ignasiiglesias-cornella\/wp-json\/wp\/v2\/posts\/4749\/revisions\/7076"}],"wp:attachment":[{"href":"https:\/\/agora.xtec.cat\/ceip-ignasiiglesias-cornella\/wp-json\/wp\/v2\/media?parent=4749"}],"wp:term":[{"taxonomy":"category","embeddable":true,"href":"https:\/\/agora.xtec.cat\/ceip-ignasiiglesias-cornella\/wp-json\/wp\/v2\/categories?post=4749"},{"taxonomy":"post_tag","embeddable":true,"href":"https:\/\/agora.xtec.cat\/ceip-ignasiiglesias-cornella\/wp-json\/wp\/v2\/tags?post=4749"}],"curies":[{"name":"wp","href":"https:\/\/api.w.org\/{rel}","templated":true}]}}