{"id":4739,"date":"2020-06-02T09:29:23","date_gmt":"2020-06-02T07:29:23","guid":{"rendered":"http:\/\/agora.xtec.cat\/ceip-ignasiiglesias-cornella\/?p=4739"},"modified":"2020-06-02T09:29:56","modified_gmt":"2020-06-02T07:29:56","slug":"pla-reobertura-de-centre","status":"publish","type":"post","link":"https:\/\/agora.xtec.cat\/ceip-ignasiiglesias-cornella\/general\/pla-reobertura-de-centre\/","title":{"rendered":"PLA REOBERTURA DE CENTRE"},"content":{"rendered":"<p>Benvolgudes fam\u00edlies,<\/p>\n<p>Us fem arribar la proposta que des de les escoles de Cornell\u00e0 hem fet per el desconfinament de les escoles a partir de la fase 2. Us anirem informant<\/p>\n<p><a href=\"https:\/\/drive.google.com\/file\/d\/1RsEytNb0_Z-uxjF35gc6zyJCIi-LYDEc\/view?usp=sharing\">Comunicat conjunt de la Junta de Direccions de les escoles publiques d&#8217;Educaci\u00f3 Infantil i Prim\u00e0ria de Cornell\u00e0 de Llobregat<\/a><br \/>\n<img loading=\"lazy\" decoding=\"async\" class=\"aligncenter size-large wp-image-4740\" src=\"https:\/\/agora.xtec.cat\/ceip-ignasiiglesias-cornella\/wp-content\/uploads\/usu1592\/2020\/06\/INFOGRAFIA-PLA-OBERTURA-CENTRES-CORNELLA-724x1024.jpg\" alt=\"\" width=\"724\" height=\"1024\" srcset=\"https:\/\/agora.xtec.cat\/ceip-ignasiiglesias-cornella\/wp-content\/uploads\/usu1592\/2020\/06\/INFOGRAFIA-PLA-OBERTURA-CENTRES-CORNELLA-724x1024.jpg 724w, https:\/\/agora.xtec.cat\/ceip-ignasiiglesias-cornella\/wp-content\/uploads\/usu1592\/2020\/06\/INFOGRAFIA-PLA-OBERTURA-CENTRES-CORNELLA-212x300.jpg 212w, https:\/\/agora.xtec.cat\/ceip-ignasiiglesias-cornella\/wp-content\/uploads\/usu1592\/2020\/06\/INFOGRAFIA-PLA-OBERTURA-CENTRES-CORNELLA-768x1086.jpg 768w\" sizes=\"auto, (max-width: 724px) 100vw, 724px\" \/><\/p>\n","protected":false},"excerpt":{"rendered":"<p>Benvolgudes fam\u00edlies,<br \/>\nUs fem arribar la proposta que des de les escoles de Cornell\u00e0 hem fet per el desconfinament de les escoles a partir de la fase 2. Us anirem informant<br \/>\n<a href=\"https:\/\/drive.google.com\/file\/d\/1RsEytNb0_Z-uxjF35gc6zyJCIi-LYDEc\/view?usp=sharing\">Comunicat conjunt de la Junta de Direccions de les escoles publiques d&#8217;Educaci\u00f3 Infantil i Prim\u00e0ria&hellip;  <a href=\"https:\/\/agora.xtec.cat\/ceip-ignasiiglesias-cornella\/general\/pla-reobertura-de-centre\/\" title=\"Read PLA REOBERTURA DE CENTRE\">Llegeix m\u00e9s\u00bb<\/a><\/p>\n","protected":false},"author":1,"featured_media":4186,"comment_status":"open","ping_status":"closed","sticky":false,"template":"","format":"standard","meta":{"_bbp_topic_count":0,"_bbp_reply_count":0,"_bbp_total_topic_count":0,"_bbp_total_reply_count":0,"_bbp_voice_count":0,"_bbp_anonymous_reply_count":0,"_bbp_topic_count_hidden":0,"_bbp_reply_count_hidden":0,"_bbp_forum_subforum_count":0,"footnotes":""},"categories":[14,1,2,3,8,9,4,5],"tags":[810,809,808],"class_list":["post-4739","post","type-post","status-publish","format-standard","has-post-thumbnail","hentry","category-cicle-superior","category-general","category-infantil","category-p3","category-p4","category-p5","category-portada","category-primaria","tag-cornellaescola","tag-pladereobertura","tag-reobertura"],"post_mailing_queue_ids":[],"_links":{"self":[{"href":"https:\/\/agora.xtec.cat\/ceip-ignasiiglesias-cornella\/wp-json\/wp\/v2\/posts\/4739","targetHints":{"allow":["GET"]}}],"collection":[{"href":"https:\/\/agora.xtec.cat\/ceip-ignasiiglesias-cornella\/wp-json\/wp\/v2\/posts"}],"about":[{"href":"https:\/\/agora.xtec.cat\/ceip-ignasiiglesias-cornella\/wp-json\/wp\/v2\/types\/post"}],"author":[{"embeddable":true,"href":"https:\/\/agora.xtec.cat\/ceip-ignasiiglesias-cornella\/wp-json\/wp\/v2\/users\/1"}],"replies":[{"embeddable":true,"href":"https:\/\/agora.xtec.cat\/ceip-ignasiiglesias-cornella\/wp-json\/wp\/v2\/comments?post=4739"}],"version-history":[{"count":3,"href":"https:\/\/agora.xtec.cat\/ceip-ignasiiglesias-cornella\/wp-json\/wp\/v2\/posts\/4739\/revisions"}],"predecessor-version":[{"id":4745,"href":"https:\/\/agora.xtec.cat\/ceip-ignasiiglesias-cornella\/wp-json\/wp\/v2\/posts\/4739\/revisions\/4745"}],"wp:featuredmedia":[{"embeddable":true,"href":"https:\/\/agora.xtec.cat\/ceip-ignasiiglesias-cornella\/wp-json\/wp\/v2\/media\/4186"}],"wp:attachment":[{"href":"https:\/\/agora.xtec.cat\/ceip-ignasiiglesias-cornella\/wp-json\/wp\/v2\/media?parent=4739"}],"wp:term":[{"taxonomy":"category","embeddable":true,"href":"https:\/\/agora.xtec.cat\/ceip-ignasiiglesias-cornella\/wp-json\/wp\/v2\/categories?post=4739"},{"taxonomy":"post_tag","embeddable":true,"href":"https:\/\/agora.xtec.cat\/ceip-ignasiiglesias-cornella\/wp-json\/wp\/v2\/tags?post=4739"}],"curies":[{"name":"wp","href":"https:\/\/api.w.org\/{rel}","templated":true}]}}