{"id":4724,"date":"2020-05-27T14:21:04","date_gmt":"2020-05-27T12:21:04","guid":{"rendered":"http:\/\/agora.xtec.cat\/ceip-ignasiiglesias-cornella\/?p=4724"},"modified":"2020-05-27T14:30:57","modified_gmt":"2020-05-27T12:30:57","slug":"reclamacio-baremacio","status":"publish","type":"post","link":"https:\/\/agora.xtec.cat\/ceip-ignasiiglesias-cornella\/general\/reclamacio-baremacio\/","title":{"rendered":"RECLAMACI\u00d3 BAREMACI\u00d3"},"content":{"rendered":"<h4><strong>LLISTA DE SOL\u00b7LICITUDS AMB LA PUNTUACI\u00d3 PROVISIONAL<\/strong><\/h4>\n<p>El dia 29 de maig es publicar\u00e0 la <a href=\"http:\/\/queestudiar.gencat.cat\/ca\/preinscripcio\/estudis\/obligatoris\/calendari\/\">llista de sol\u00b7licituds amb la puntuaci\u00f3 provisional.<\/a><\/p>\n<h4><strong>RECLAMACI\u00d3 DE LA BAREMACI\u00d3: DEL 2 AL 5 DE MAIG DE 2020<\/strong><\/h4>\n<p>Es podran presentar reclamacions si detecteu errades, i seran de manera presencial. <a href=\"http:\/\/queestudiar.gencat.cat\/ca\/preinscripcio\/estudis\/obligatoris\/documentacio\/\">M\u00c9S INFORMACI\u00d3<\/a><\/p>\n<pre><code>Atenci\u00f3: Cornell\u00e0 de Llobregat \u00e9s zona \u00fanica; no hi ha diferents \u00e0rees d'influ\u00e8ncia, per tant, tots els residents de la<\/code> <code>ciutat obtindran 30 punts en aquest apartat.<\/code><\/pre>\n<p>&nbsp;<\/p>\n<p>Ho has de fer de la\u00a0 seg\u00fcent manera:<\/p>\n<ul>\n<li>Concerta a partir del dia 30 de maig la teva cita pr\u00e8via <a href=\"https:\/\/aplicacions.gestioeducativa.gencat.cat\/pls\/apex\/f?p=CITA_PREVIA:4::::4:P4_TIPUS_CALENDARI,P4_DOMINI:02_Oblig,08037966\">AQU\u00cd<\/a><\/li>\n<li>Porta el document de reclamaci\u00f3 omplert. <a href=\"https:\/\/drive.google.com\/file\/d\/1IYe5pLTB-6_JgRFC0FDgaHBj9apF6atq\/view?usp=sharing\">DOCUMENT<\/a><\/li>\n<li>Per protecci\u00f3, l&#8217;\u00fas de guants i mascareta ser\u00e0 obligatori.<\/li>\n<\/ul>\n<p>&nbsp;<\/p>\n","protected":false},"excerpt":{"rendered":"<p>LLISTA DE SOL\u00b7LICITUDS AMB LA PUNTUACI\u00d3 PROVISIONAL<br \/>\nEl dia 29 de maig es publicar\u00e0 la <a href=\"http:\/\/queestudiar.gencat.cat\/ca\/preinscripcio\/estudis\/obligatoris\/calendari\/\">llista de sol\u00b7licituds amb la puntuaci\u00f3 provisional.<\/a><br \/>\nRECLAMACI\u00d3 DE LA BAREMACI\u00d3: DEL 2 AL 5 DE MAIG DE 2020<br \/>\nEs podran presentar reclamacions si detecteu errades, i seran de manera presencial. <a&hellip;  <a href=\"https:\/\/agora.xtec.cat\/ceip-ignasiiglesias-cornella\/general\/reclamacio-baremacio\/\" title=\"Read RECLAMACI\u00d3 BAREMACI\u00d3\">Llegeix m\u00e9s\u00bb<\/a><\/p>\n","protected":false},"author":1,"featured_media":0,"comment_status":"open","ping_status":"closed","sticky":false,"template":"","format":"standard","meta":{"_bbp_topic_count":0,"_bbp_reply_count":0,"_bbp_total_topic_count":0,"_bbp_total_reply_count":0,"_bbp_voice_count":0,"_bbp_anonymous_reply_count":0,"_bbp_topic_count_hidden":0,"_bbp_reply_count_hidden":0,"_bbp_forum_subforum_count":0,"footnotes":""},"categories":[1],"tags":[800,337,336,801,798],"class_list":["post-4724","post","type-post","status-publish","format-standard","hentry","category-general","tag-800","tag-matricula","tag-preinscripcio","tag-preinscripciones","tag-preinscripcions"],"post_mailing_queue_ids":[],"_links":{"self":[{"href":"https:\/\/agora.xtec.cat\/ceip-ignasiiglesias-cornella\/wp-json\/wp\/v2\/posts\/4724","targetHints":{"allow":["GET"]}}],"collection":[{"href":"https:\/\/agora.xtec.cat\/ceip-ignasiiglesias-cornella\/wp-json\/wp\/v2\/posts"}],"about":[{"href":"https:\/\/agora.xtec.cat\/ceip-ignasiiglesias-cornella\/wp-json\/wp\/v2\/types\/post"}],"author":[{"embeddable":true,"href":"https:\/\/agora.xtec.cat\/ceip-ignasiiglesias-cornella\/wp-json\/wp\/v2\/users\/1"}],"replies":[{"embeddable":true,"href":"https:\/\/agora.xtec.cat\/ceip-ignasiiglesias-cornella\/wp-json\/wp\/v2\/comments?post=4724"}],"version-history":[{"count":3,"href":"https:\/\/agora.xtec.cat\/ceip-ignasiiglesias-cornella\/wp-json\/wp\/v2\/posts\/4724\/revisions"}],"predecessor-version":[{"id":4730,"href":"https:\/\/agora.xtec.cat\/ceip-ignasiiglesias-cornella\/wp-json\/wp\/v2\/posts\/4724\/revisions\/4730"}],"wp:attachment":[{"href":"https:\/\/agora.xtec.cat\/ceip-ignasiiglesias-cornella\/wp-json\/wp\/v2\/media?parent=4724"}],"wp:term":[{"taxonomy":"category","embeddable":true,"href":"https:\/\/agora.xtec.cat\/ceip-ignasiiglesias-cornella\/wp-json\/wp\/v2\/categories?post=4724"},{"taxonomy":"post_tag","embeddable":true,"href":"https:\/\/agora.xtec.cat\/ceip-ignasiiglesias-cornella\/wp-json\/wp\/v2\/tags?post=4724"}],"curies":[{"name":"wp","href":"https:\/\/api.w.org\/{rel}","templated":true}]}}