{"id":4687,"date":"2020-05-14T13:21:37","date_gmt":"2020-05-14T11:21:37","guid":{"rendered":"http:\/\/agora.xtec.cat\/ceip-ignasiiglesias-cornella\/?p=4687"},"modified":"2020-05-14T13:42:56","modified_gmt":"2020-05-14T11:42:56","slug":"14e-concurs-de-relats-curts-de-tmb-inspirat-des-de-casa-i-participa","status":"publish","type":"post","link":"https:\/\/agora.xtec.cat\/ceip-ignasiiglesias-cornella\/general\/14e-concurs-de-relats-curts-de-tmb-inspirat-des-de-casa-i-participa\/","title":{"rendered":"14\u00e8 Concurs de Relats Curts de TMB: inspira\u2019t des de casa i participa!"},"content":{"rendered":"<h3>FAM\u00cdLIES ENS HA ARRIBAT AQUESTA INFORMACI\u00d3 D&#8217;UN CONCURS DE RELATS CURTS. HI HA UNA NOVETAT.\u00a0 UNA CATEGORIA DE CONTE INFANTIL (8-16 anys).<\/h3>\n<h3>ALG\u00da DE VOSALTRES SEGUR QUE S&#8217;ANIMA, AQU\u00cd TENIU TOTA LA INFORMACI\u00d3 I LES BASES DEL CONCURS.<\/h3>\n<h3>SI ALGUN ADULT TAMB\u00c9 S&#8217;ANIMA HI HA CATEG\u00d2RIES PER TOTES I TOTS!!!!!<\/h3>\n<p><a href=\"https:\/\/agora.xtec.cat\/ceip-ignasiiglesias-cornella\/wp-content\/uploads\/usu1592\/2020\/05\/unnamed-1.jpg\"><img loading=\"lazy\" decoding=\"async\" class=\"size-thumbnail wp-image-4689 aligncenter\" src=\"https:\/\/agora.xtec.cat\/ceip-ignasiiglesias-cornella\/wp-content\/uploads\/usu1592\/2020\/05\/unnamed-1-150x150.jpg\" alt=\"\" width=\"150\" height=\"150\" \/><\/a><\/p>\n<p>El Concurs de Relats Curts de TMB \u00e9s un certamen de creaci\u00f3 liter\u00e0ria que s\u2019ha convertit en tot un cl\u00e0ssic entre els premis literaris de Barcelona i la seva \u00e0rea metropolitana. Enguany aquest concurs ser\u00e0 diferent de les edicions anteriors a causa de la inesperada circumst\u00e0ncia que ens toca viure.<\/p>\n<p>Inspira\u2019t des de casa i explica les hist\u00f2ries reals o fict\u00edcies en clau positiva que et suggereix la nova i estranya situaci\u00f3 que s\u2019ha produ\u00eft. Si vols saber al detall sobre qu\u00e8 pots relatar, consulta les bases legals del concurs de relats de TMB.<\/p>\n<p><a href=\"https:\/\/relatscurts.tmb.cat\/ca\"><strong>Novetat! Conte Infantil: de Relats Curts al Teatre Poliorama<\/strong><\/a><\/p>\n<p>Tens nens o adolescents a prop amb molta imaginaci\u00f3 i ganes de divertir-se?<\/p>\n","protected":false},"excerpt":{"rendered":"<p>FAM\u00cdLIES ENS HA ARRIBAT AQUESTA INFORMACI\u00d3 D&#8217;UN CONCURS DE RELATS CURTS. HI HA UNA NOVETAT.\u00a0 UNA CATEGORIA DE CONTE INFANTIL (8-16 anys).<br \/>\nALG\u00da DE VOSALTRES SEGUR QUE S&#8217;ANIMA, AQU\u00cd TENIU TOTA LA INFORMACI\u00d3 I LES BASES DEL CONCURS.<br \/>\nSI ALGUN ADULT TAMB\u00c9 S&#8217;ANIMA HI HA CATEG\u00d2RIES PER&hellip;  <a href=\"https:\/\/agora.xtec.cat\/ceip-ignasiiglesias-cornella\/general\/14e-concurs-de-relats-curts-de-tmb-inspirat-des-de-casa-i-participa\/\" title=\"Read 14\u00e8 Concurs de Relats Curts de TMB: inspira\u2019t des de casa i participa!\">Llegeix m\u00e9s\u00bb<\/a><\/p>\n","protected":false},"author":1,"featured_media":4689,"comment_status":"open","ping_status":"closed","sticky":false,"template":"","format":"standard","meta":{"_bbp_topic_count":0,"_bbp_reply_count":0,"_bbp_total_topic_count":0,"_bbp_total_reply_count":0,"_bbp_voice_count":0,"_bbp_anonymous_reply_count":0,"_bbp_topic_count_hidden":0,"_bbp_reply_count_hidden":0,"_bbp_forum_subforum_count":0,"footnotes":""},"categories":[1,4,5],"tags":[804,803,777,723],"class_list":["post-4687","post","type-post","status-publish","format-standard","has-post-thumbnail","hentry","category-general","category-portada","category-primaria","tag-concurs","tag-desdecasa","tag-jaquedamenys","tag-totsortirabe"],"post_mailing_queue_ids":[],"_links":{"self":[{"href":"https:\/\/agora.xtec.cat\/ceip-ignasiiglesias-cornella\/wp-json\/wp\/v2\/posts\/4687","targetHints":{"allow":["GET"]}}],"collection":[{"href":"https:\/\/agora.xtec.cat\/ceip-ignasiiglesias-cornella\/wp-json\/wp\/v2\/posts"}],"about":[{"href":"https:\/\/agora.xtec.cat\/ceip-ignasiiglesias-cornella\/wp-json\/wp\/v2\/types\/post"}],"author":[{"embeddable":true,"href":"https:\/\/agora.xtec.cat\/ceip-ignasiiglesias-cornella\/wp-json\/wp\/v2\/users\/1"}],"replies":[{"embeddable":true,"href":"https:\/\/agora.xtec.cat\/ceip-ignasiiglesias-cornella\/wp-json\/wp\/v2\/comments?post=4687"}],"version-history":[{"count":3,"href":"https:\/\/agora.xtec.cat\/ceip-ignasiiglesias-cornella\/wp-json\/wp\/v2\/posts\/4687\/revisions"}],"predecessor-version":[{"id":4691,"href":"https:\/\/agora.xtec.cat\/ceip-ignasiiglesias-cornella\/wp-json\/wp\/v2\/posts\/4687\/revisions\/4691"}],"wp:featuredmedia":[{"embeddable":true,"href":"https:\/\/agora.xtec.cat\/ceip-ignasiiglesias-cornella\/wp-json\/wp\/v2\/media\/4689"}],"wp:attachment":[{"href":"https:\/\/agora.xtec.cat\/ceip-ignasiiglesias-cornella\/wp-json\/wp\/v2\/media?parent=4687"}],"wp:term":[{"taxonomy":"category","embeddable":true,"href":"https:\/\/agora.xtec.cat\/ceip-ignasiiglesias-cornella\/wp-json\/wp\/v2\/categories?post=4687"},{"taxonomy":"post_tag","embeddable":true,"href":"https:\/\/agora.xtec.cat\/ceip-ignasiiglesias-cornella\/wp-json\/wp\/v2\/tags?post=4687"}],"curies":[{"name":"wp","href":"https:\/\/api.w.org\/{rel}","templated":true}]}}