{"id":4684,"date":"2020-05-14T12:56:09","date_gmt":"2020-05-14T10:56:09","guid":{"rendered":"http:\/\/agora.xtec.cat\/ceip-ignasiiglesias-cornella\/?p=4684"},"modified":"2020-05-14T12:59:51","modified_gmt":"2020-05-14T10:59:51","slug":"dim-2020-museos-per-la-igualtat-diversitat-i-inclusio","status":"publish","type":"post","link":"https:\/\/agora.xtec.cat\/ceip-ignasiiglesias-cornella\/general\/dim-2020-museos-per-la-igualtat-diversitat-i-inclusio\/","title":{"rendered":"DIM 2020 Museos per la igualtat: diversitat i inclusi\u00f3."},"content":{"rendered":"<p>El 18 de maig es celebra el\u00a0<strong>Dia Internacional dels Museus<\/strong>, i en la situaci\u00f3 actual, els museus d&#8217;arreu del m\u00f3n obren virtualment les seves portes a tothom per seguir gaudint de l&#8217;art, la cultura i la ci\u00e8ncia des de casa.\u00a0<strong>La Xarxa de Museus<\/strong>\u00a0Locals\u00a0(68 museus i equipaments culturals de 53 municipis de la prov\u00edncia de Barcelona)\u00a0es suma de nou a la iniciativa i ens ofereix un recull d&#8217;activitats programades per seguir des de casa. Descobreix-les\u00a0<a href=\"https:\/\/www.barcelonaesmoltmes.cat\/web\/agenda\/-\/dia-internacional-dels-museus-2020\">aqu\u00ed<\/a>!<\/p>\n<p><a href=\"https:\/\/www.barcelonaesmoltmes.cat\/web\/agenda\/-\/dia-internacional-dels-museus-2020\"><img loading=\"lazy\" decoding=\"async\" class=\"size-thumbnail wp-image-4685 aligncenter\" src=\"https:\/\/agora.xtec.cat\/ceip-ignasiiglesias-cornella\/wp-content\/uploads\/usu1592\/2020\/05\/unnamed-150x150.jpg\" alt=\"\" width=\"150\" height=\"150\" \/><\/a><\/p>\n","protected":false},"excerpt":{"rendered":"<p>El 18 de maig es celebra el\u00a0Dia Internacional dels Museus, i en la situaci\u00f3 actual, els museus d&#8217;arreu del m\u00f3n obren virtualment les seves portes a tothom per seguir gaudint de l&#8217;art, la cultura i la ci\u00e8ncia des de casa.\u00a0La Xarxa de Museus\u00a0Locals\u00a0(68 museus i&hellip;  <a href=\"https:\/\/agora.xtec.cat\/ceip-ignasiiglesias-cornella\/general\/dim-2020-museos-per-la-igualtat-diversitat-i-inclusio\/\" title=\"Read DIM 2020 Museos per la igualtat: diversitat i inclusi\u00f3.\">Llegeix m\u00e9s\u00bb<\/a><\/p>\n","protected":false},"author":1,"featured_media":4685,"comment_status":"open","ping_status":"closed","sticky":false,"template":"","format":"standard","meta":{"_bbp_topic_count":0,"_bbp_reply_count":0,"_bbp_total_topic_count":0,"_bbp_total_reply_count":0,"_bbp_voice_count":0,"_bbp_anonymous_reply_count":0,"_bbp_topic_count_hidden":0,"_bbp_reply_count_hidden":0,"_bbp_forum_subforum_count":0,"footnotes":""},"categories":[1,2,4,5],"tags":[802,803,777,723,743],"class_list":["post-4684","post","type-post","status-publish","format-standard","has-post-thumbnail","hentry","category-general","category-infantil","category-portada","category-primaria","tag-cultura","tag-desdecasa","tag-jaquedamenys","tag-totsortirabe","tag-joemquedoacasa"],"post_mailing_queue_ids":[],"_links":{"self":[{"href":"https:\/\/agora.xtec.cat\/ceip-ignasiiglesias-cornella\/wp-json\/wp\/v2\/posts\/4684","targetHints":{"allow":["GET"]}}],"collection":[{"href":"https:\/\/agora.xtec.cat\/ceip-ignasiiglesias-cornella\/wp-json\/wp\/v2\/posts"}],"about":[{"href":"https:\/\/agora.xtec.cat\/ceip-ignasiiglesias-cornella\/wp-json\/wp\/v2\/types\/post"}],"author":[{"embeddable":true,"href":"https:\/\/agora.xtec.cat\/ceip-ignasiiglesias-cornella\/wp-json\/wp\/v2\/users\/1"}],"replies":[{"embeddable":true,"href":"https:\/\/agora.xtec.cat\/ceip-ignasiiglesias-cornella\/wp-json\/wp\/v2\/comments?post=4684"}],"version-history":[{"count":1,"href":"https:\/\/agora.xtec.cat\/ceip-ignasiiglesias-cornella\/wp-json\/wp\/v2\/posts\/4684\/revisions"}],"predecessor-version":[{"id":4686,"href":"https:\/\/agora.xtec.cat\/ceip-ignasiiglesias-cornella\/wp-json\/wp\/v2\/posts\/4684\/revisions\/4686"}],"wp:featuredmedia":[{"embeddable":true,"href":"https:\/\/agora.xtec.cat\/ceip-ignasiiglesias-cornella\/wp-json\/wp\/v2\/media\/4685"}],"wp:attachment":[{"href":"https:\/\/agora.xtec.cat\/ceip-ignasiiglesias-cornella\/wp-json\/wp\/v2\/media?parent=4684"}],"wp:term":[{"taxonomy":"category","embeddable":true,"href":"https:\/\/agora.xtec.cat\/ceip-ignasiiglesias-cornella\/wp-json\/wp\/v2\/categories?post=4684"},{"taxonomy":"post_tag","embeddable":true,"href":"https:\/\/agora.xtec.cat\/ceip-ignasiiglesias-cornella\/wp-json\/wp\/v2\/tags?post=4684"}],"curies":[{"name":"wp","href":"https:\/\/api.w.org\/{rel}","templated":true}]}}