{"id":4657,"date":"2020-05-11T20:38:38","date_gmt":"2020-05-11T18:38:38","guid":{"rendered":"http:\/\/agora.xtec.cat\/ceip-ignasiiglesias-cornella\/?p=4657"},"modified":"2020-05-29T15:11:48","modified_gmt":"2020-05-29T13:11:48","slug":"preinscripcio-2020-2021","status":"publish","type":"post","link":"https:\/\/agora.xtec.cat\/ceip-ignasiiglesias-cornella\/general\/preinscripcio-2020-2021\/","title":{"rendered":"PREINSCRIPCI\u00d3 2020-2021"},"content":{"rendered":"<h4><strong>CALENDARI DE PREINSCRIPCI\u00d3<\/strong><\/h4>\n<ul>\n<li style=\"text-align: left;\">Presentaci\u00f3 telem\u00e0tica: del 13 al 22 de Maig.<\/li>\n<li style=\"text-align: left;\">Presentaci\u00f3 presencial: del 19 al 22 de Maig, de 9h a 13h<\/li>\n<li>Llista de sol\u00b7licituds amb la puntuaci\u00f3 provisional: 29 de maig de 2020<\/li>\n<li>Reclamaci\u00f3 de la baremaci\u00f3: del 2 al 5 de maig de 2020<\/li>\n<\/ul>\n<h4><strong>PRESENTACI\u00d3 TELEM\u00c0TICA<\/strong><\/h4>\n<p>El Departament aconsella fer la preinscripci\u00f3 pel curs 2020\/2021 de manera telem\u00e0tica, sempre que sigui possible.<\/p>\n<p style=\"text-align: center;\"><strong><a href=\"http:\/\/ensenyament.gencat.cat\/ca\/tramits\/tramits-temes\/20483-obligatoris?moda=1\" target=\"_blank\" rel=\"noopener noreferrer\">APLICATIU<\/a><\/strong><\/p>\n<p style=\"text-align: center;\">El codi del nostre centre \u00e9s:\u00a0<strong>08037966<\/strong><\/p>\n<p style=\"text-align: center;\"><a href=\"https:\/\/serveiseducatius.xtec.cat\/baixllobregat5\/comunitat\/directori-de-centres\/cornella-de-lloblegat\/\" target=\"_blank\" rel=\"noopener noreferrer\"><em>Consulta els codis d&#8217; altres centres de Cornell\u00e0 de Llobregat<\/em><\/a><\/p>\n<p>&nbsp;<\/p>\n<h6><strong>1.- Per l\u2019aplicatiu (OPCI\u00d3 PREFERENT)<\/strong><\/h6>\n<p>Caldr\u00e0 enviar el resguard que us generi l\u2019aplicatiu i la documentaci\u00f3 acreditativa escanejada o fotografiada.<br \/>\nHo heu d\u2019enviar al <strong>correu del centre demanat en primera opci\u00f3<\/strong>: a8037966@xtec.cat<br \/>\nNosaltres us contestarem conforme hem rebut el resguard i la documentaci\u00f3.<\/p>\n<p><em>Qu\u00e8 cal enviar?<\/em><\/p>\n<ul>\n<li><span style=\"font-family: inherit; font-size: 1em;\">Resguard de la sol\u00b7licitud que genera l\u2019aplicatiu online.<\/span><\/li>\n<li>Fotoc\u00f2pia o foto del llibre de fam\u00edlia o altres documents relatius a la filiaci\u00f3.<\/li>\n<li>Fotoc\u00f2pia o foto del DNI de la persona sol\u00b7licitant (pare, mare, tutor o tutora o guardador o guardadora de fet) o, si el sol\u00b7licitant \u00e9s estranger, de la targeta de resid\u00e8ncia on consta el NIE o el passaport. Si es tracta d\u2019estrangers comunitaris, document d\u2019identitat del pa\u00eds d\u2019origen.<\/li>\n<li>Fotoc\u00f2pia o foto del DNI de l\u2019alumne o alumna (si en t\u00e9)<\/li>\n<li>Si heu al\u00b7legat algun m\u00e8rit del barem, tamb\u00e9 ens haureu d\u2019enviar aquesta documentaci\u00f3 escanejada o fotografiada<\/li>\n<\/ul>\n<h6><\/h6>\n<h6><strong>2.- Online<\/strong><\/h6>\n<p>Descarregueu el document de sol\u00b7licitud i envieu-lo emplenat i signat juntament amb la resta de documentaci\u00f3.<br \/>\nHo heu d\u2019enviar <strong>TOT <\/strong>escanejat o fotografiat al <strong>correu del centre demanat en primera opci\u00f3<\/strong>: a8037966@xtec.cat<br \/>\nNosaltres us contestarem conforme hem rebut la documentaci\u00f3.<\/p>\n<p><em>Qu\u00e8 cal enviar?<\/em><\/p>\n<ul>\n<li>Sol\u00b7licitud omplerta: \u00a0\u00a0<strong><a href=\"http:\/\/ensenyament.gencat.cat\/web\/shared\/OVT\/Departaments\/ENS\/TramitOVT\/preinscripcio\/obligatoris\/A42.pdf\" target=\"_blank\" rel=\"noopener noreferrer\">Sol\u00b7licitud catal\u00e0\u00a0 \u00a0 \u00a0 \u00a0 <\/a><\/strong><strong><a href=\"http:\/\/ensenyament.gencat.cat\/web\/shared\/OVT\/Departaments\/ENS\/TramitOVT\/preinscripcio\/obligatoris\/B42.pdf\" target=\"_blank\" rel=\"noopener noreferrer\">Solicitud castellano<\/a><\/strong><\/li>\n<li>Fotoc\u00f2pia o foto del llibre de fam\u00edlia o altres documents relatius a la filiaci\u00f3.<\/li>\n<li>Fotoc\u00f2pia o foto del DNI de la persona sol\u00b7licitant (pare, mare, tutor o tutora o guardador o guardadora de fet) o, si el sol\u00b7licitant \u00e9s estranger, de la targeta de resid\u00e8ncia on consta el NIE o el passaport. Si es tracta d\u2019estrangers comunitaris, document d\u2019identitat del pa\u00eds d\u2019origen.<\/li>\n<li>Fotoc\u00f2pia o foto del DNI de l\u2019alumne o alumna (si en t\u00e9)<\/li>\n<li>Si heu al\u00b7legat algun m\u00e8rit del barem, tamb\u00e9 ens haureu d\u2019enviar aquesta documentaci\u00f3 escanejada o fotografiada<\/li>\n<\/ul>\n<p>&nbsp;<\/p>\n<h4><strong>PRESENTACI\u00d3 PRESENCIAL<\/strong><\/h4>\n<p>Si no pots presentar la sol\u00b7licitud online, tamb\u00e9 tens la possibilitat d\u2019apropar-te a l\u2019escola per a presentar-la.<\/p>\n<p>Ho has de fer de la seg\u00fcent manera:<\/p>\n<ul>\n<li>Concerta la teva cita pr\u00e8via<a href=\"https:\/\/aplicacions.gestioeducativa.gencat.cat\/pls\/apex\/f?p=CITA_PREVIA:4::::4:P4_TIPUS_CALENDARI,P4_DOMINI:01_Oblig,08037966\"> AQU\u00cd<\/a> o envia un correu a l&#8217; escola: a8037966@xtec.cat<\/li>\n<li>Reserva la teva hora.<\/li>\n<li>Per protecci\u00f3, l \u00fas de guants i mascareta ser\u00e0 obligatori. Caldr\u00e0 que portis tamb\u00e9 un bol\u00edgraf de casa.<\/li>\n<li>Porta la documentaci\u00f3 omplerta amb els documents fotocopiats, per evitar fer cues i per agilitzar el proc\u00e9s.<\/li>\n<\/ul>\n<p><em>La documentaci\u00f3 que has de portar fotocopiada \u00e9s la seg\u00fcent:<\/em><\/p>\n<ul>\n<li style=\"list-style-type: none;\">\n<ul>\n<li>Sol\u00b7licitud omplerta:\u00a0 <strong><a href=\"http:\/\/ensenyament.gencat.cat\/web\/shared\/OVT\/Departaments\/ENS\/TramitOVT\/preinscripcio\/obligatoris\/A42.pdf\" target=\"_blank\" rel=\"noopener noreferrer\">Sol\u00b7licitud catal\u00e0\u00a0\u00a0\u00a0\u00a0\u00a0\u00a0\u00a0\u00a0\u00a0\u00a0\u00a0\u00a0\u00a0\u00a0\u00a0 <\/a><a href=\"http:\/\/ensenyament.gencat.cat\/web\/shared\/OVT\/Departaments\/ENS\/TramitOVT\/preinscripcio\/obligatoris\/B42.pdf\" target=\"_blank\" rel=\"noopener noreferrer\">Solicitud castellano<\/a><\/strong><\/li>\n<li>Llibre de fam\u00edlia o, si no en teniu, la partida de naixement<\/li>\n<li>DNI o NIE dels progenitors i de l\u2019alumne (si en t\u00e9)<\/li>\n<li>Targeta sanit\u00e0ria de l\u2019alumne (TIS)<\/li>\n<li>Certificat de conviv\u00e8ncia, quan el domicili habitual no coincideix amb el DNI<\/li>\n<li>Documents acreditatius del barem (llibre fam\u00edlia nombrosa o monoparental, certificat acreditatiu discapacitat, ajut de la renda garantida de ciutadania)<\/li>\n<\/ul>\n<\/li>\n<\/ul>\n<h4><strong>LLISTA DE SOL\u00b7LICITUDS AMB LA PUNTUACI\u00d3 PROVISIONAL<\/strong><\/h4>\n<p>El dia 29 de maig es publicar\u00e0 la <a href=\"https:\/\/aplicacions.gestioeducativa.gencat.cat\/pls\/apex\/f?p=2011025:LOGIN:317126057691570:::::\">llista de sol\u00b7licituds amb la puntuaci\u00f3 provisional<\/a>.<\/p>\n<h5><a href=\"https:\/\/drive.google.com\/file\/d\/1FAiluMxMnBf9i5fo1moeWs-Ol8s7URxe\/view?usp=sharing\">LLISTAT AMB EL BAREM PROVISIONAL ESCOLA IGNASI IGLESIAS<\/a><\/h5>\n<h4><strong>RECLAMACI\u00d3 DE LA BAREMACI\u00d3: DEL 2 AL 5 DE MAIG DE 2020<\/strong><\/h4>\n<p>Es podran presentar reclamacions si detecteu errades, i seran de manera presencial. <a href=\"http:\/\/queestudiar.gencat.cat\/ca\/preinscripcio\/estudis\/obligatoris\/documentacio\/\">M\u00c9S INFORMACI\u00d3<\/a><\/p>\n<p><code>Atenci\u00f3: Cornell\u00e0 de Llobregat \u00e9s zona \u00fanica; no hi ha diferents \u00e0rees d'influ\u00e8ncia, per tant, tots els residents de la<\/code> <code>ciutat obtindran 30 punts en aquest apartat.<\/code><\/p>\n<p>Ho has de fer de la\u00a0 seg\u00fcent manera:<\/p>\n<ul>\n<li>Concerta a partir del dia 30 de maig la teva cita pr\u00e8via <a href=\"https:\/\/aplicacions.gestioeducativa.gencat.cat\/pls\/apex\/f?p=CITA_PREVIA:4::::4:P4_TIPUS_CALENDARI,P4_DOMINI:02_Oblig,08037966\">AQU\u00cd<\/a><\/li>\n<li>Porta el document de reclamaci\u00f3 omplert. <a href=\"https:\/\/drive.google.com\/file\/d\/1IYe5pLTB-6_JgRFC0FDgaHBj9apF6atq\/view?usp=sharing\">DOCUMENT<\/a><\/li>\n<li>Per protecci\u00f3, l&#8217;\u00fas de guants i mascareta ser\u00e0 obligatori.<\/li>\n<\/ul>\n<p>&nbsp;<\/p>\n<p style=\"text-align: center;\"><strong><a href=\"http:\/\/queestudiar.gencat.cat\/ca\/preinscripcio\/estudis\/obligatoris\/\" target=\"_blank\" rel=\"noopener noreferrer\">TOTA LA INFORMACI\u00d3 A GENERALITAT DE CATALUNYA <\/a><\/strong><strong><a href=\"http:\/\/queestudiar.gencat.cat\/ca\/preinscripcio\/estudis\/obligatoris\/\" target=\"_blank\" rel=\"noopener noreferrer\">Estudiar a Catalunya<\/a><\/strong><\/p>\n<p style=\"text-align: center;\">__________________________________________________________<\/p>\n<div class=\"col span_12 section-title text-align-center extra-padding\">\n<div class=\"FW_sArticleFoto\">\n<h4 class=\"FW_sEditPro\"><strong>Calendari de tot el proc\u00e9s de preinscripci\u00f3 i matriculaci\u00f3<\/strong><\/h4>\n<div class=\"FW_sEditPro\">\n<p style=\"text-align: left;\"><strong>(Les dates proposades del mes de juny i posteriors s\u00f3n provisionals i poden variar en funci\u00f3 de l\u2019evoluci\u00f3 de la pand\u00e8mia)<\/strong><\/p>\n<ul>\n<li>Llista de sol\u00b7licituds amb la puntuaci\u00f3 provisional: 29 de maig de 2020<\/li>\n<li>Presentaci\u00f3 de reclamacions: del 2 al 5 de juny de 2020<\/li>\n<li>Llista de sol\u00b7licituds amb la puntuaci\u00f3 un cop resoltes les reclamacions: 9 de juny de 2020<\/li>\n<li>Sorteig del n\u00famero de desempat: 9 de juny de 2020, a les 11 h<\/li>\n<li>Llista ordenada definitiva: 11 de juny de 2020<\/li>\n<li>Ampliaci\u00f3 de petici\u00f3 de centres per a les sol\u00b7licituds que no han obtingut cap assignaci\u00f3 (assignaci\u00f3 d\u2019ofici): del del 26 al 29 de juny de 2020<\/li>\n<li>Oferta final de places escolars: 6 de juliol de 2020<\/li>\n<li>Llista d\u2019alumnes admesos i\u00a0llista d\u2019espera: 7 de juliol\u00a0de 2020<\/li>\n<\/ul>\n<\/div>\n<\/div>\n<h6><strong>Matr\u00edcula<\/strong><\/h6>\n<div class=\"FW_sPregunta FW_sImpacte\">\n<div class=\"FW_sArticleFoto\">\n<div class=\"FW_sEditPro\">\n<ul>\n<li>Alumnes preinscrits amb pla\u00e7a assignada a segon cicle d\u2019educaci\u00f3 infantil, educaci\u00f3 prim\u00e0ria i ESO:\u00a0<strong>del 13 al 17 de juliol de 2020<\/strong><\/li>\n<\/ul>\n<\/div>\n<h6><\/h6>\n<h6 class=\"FW_sEditPro\"><strong>Criteris de prioritat per a l&#8217; ordenaci\u00f3 de les sol\u00b7licituds<\/strong><\/h6>\n<p>1. Criteris generals:<br \/>\n\u2013 Si hi ha germans matriculats al centre o el pare, mare o tutor legal hi treballa:\u00a0<strong>40 punts<\/strong><br \/>\n\u2013 Per proximitat del domicili o del lloc de treball al centre sol\u00b7licitat en primer lloc (nom\u00e9s una opci\u00f3):<br \/>\n-Domicili a l\u2019\u00e0rea de proximitat del centre: <strong>30 punts<\/strong><br \/>\n-Lloc de treball a l\u2019\u00e0rea de proximitat del centre: <strong>20 punts<\/strong><br \/>\n-Domicili al mateix municipi del centre: <strong>10 punts<\/strong><br \/>\n-A la ciutat de Barcelona, domicili al mateix districte del centre: <strong>15 punts<\/strong>.<br \/>\n\u2013 Si el pare, mare o tutor legal reben l\u2019ajut de la renda m\u00ednima d\u2019inserci\u00f3: <strong>10 punts<br \/>\n<\/strong>\u2013 Per discapacitat igual o superior al 33% de l\u2019alumne o d\u2019un familiar de primer grau:\u00a0<strong>10 punts<\/strong><\/p>\n<p>2. Criteris complementaris.<br \/>\n\u2013 Formar part de fam\u00edlia nombrosa o monoparental:\u00a0<strong>15 punts<\/strong><\/p>\n<\/div>\n<\/div>\n<\/div>\n","protected":false},"excerpt":{"rendered":"<p>CALENDARI DE PREINSCRIPCI\u00d3<\/p>\n<ul>\n<li style=\"text-align: left;\">Presentaci\u00f3 telem\u00e0tica: del 13 al 22 de Maig.<\/li>\n<li style=\"text-align: left;\">Presentaci\u00f3 presencial: del 19 al 22 de Maig, de 9h a 13h<\/li>\n<li>Llista de sol\u00b7licituds amb la puntuaci\u00f3 provisional: 29 de maig de 2020<\/li>\n<li>Reclamaci\u00f3 de la baremaci\u00f3: del 2 al 5 de maig&hellip;  <a href=\"https:\/\/agora.xtec.cat\/ceip-ignasiiglesias-cornella\/general\/preinscripcio-2020-2021\/\" title=\"Read PREINSCRIPCI\u00d3 2020-2021\">Llegeix m\u00e9s\u00bb<\/a><br \/>\n","protected":false},"author":4,"featured_media":0,"comment_status":"open","ping_status":"closed","sticky":true,"template":"","format":"standard","meta":{"_bbp_topic_count":0,"_bbp_reply_count":0,"_bbp_total_topic_count":0,"_bbp_total_reply_count":0,"_bbp_voice_count":0,"_bbp_anonymous_reply_count":0,"_bbp_topic_count_hidden":0,"_bbp_reply_count_hidden":0,"_bbp_forum_subforum_count":0,"footnotes":""},"categories":[1],"tags":[800,337,336,801,798],"class_list":["post-4657","post","type-post","status-publish","format-standard","hentry","category-general","tag-800","tag-matricula","tag-preinscripcio","tag-preinscripciones","tag-preinscripcions"],"post_mailing_queue_ids":[],"_links":{"self":[{"href":"https:\/\/agora.xtec.cat\/ceip-ignasiiglesias-cornella\/wp-json\/wp\/v2\/posts\/4657","targetHints":{"allow":["GET"]}}],"collection":[{"href":"https:\/\/agora.xtec.cat\/ceip-ignasiiglesias-cornella\/wp-json\/wp\/v2\/posts"}],"about":[{"href":"https:\/\/agora.xtec.cat\/ceip-ignasiiglesias-cornella\/wp-json\/wp\/v2\/types\/post"}],"author":[{"embeddable":true,"href":"https:\/\/agora.xtec.cat\/ceip-ignasiiglesias-cornella\/wp-json\/wp\/v2\/users\/4"}],"replies":[{"embeddable":true,"href":"https:\/\/agora.xtec.cat\/ceip-ignasiiglesias-cornella\/wp-json\/wp\/v2\/comments?post=4657"}],"version-history":[{"count":5,"href":"https:\/\/agora.xtec.cat\/ceip-ignasiiglesias-cornella\/wp-json\/wp\/v2\/posts\/4657\/revisions"}],"predecessor-version":[{"id":4738,"href":"https:\/\/agora.xtec.cat\/ceip-ignasiiglesias-cornella\/wp-json\/wp\/v2\/posts\/4657\/revisions\/4738"}],"wp:attachment":[{"href":"https:\/\/agora.xtec.cat\/ceip-ignasiiglesias-cornella\/wp-json\/wp\/v2\/media?parent=4657"}],"wp:term":[{"taxonomy":"category","embeddable":true,"href":"https:\/\/agora.xtec.cat\/ceip-ignasiiglesias-cornella\/wp-json\/wp\/v2\/categories?post=4657"},{"taxonomy":"post_tag","embeddable":true,"href":"https:\/\/agora.xtec.cat\/ceip-ignasiiglesias-cornella\/wp-json\/wp\/v2\/tags?post=4657"}],"curies":[{"name":"wp","href":"https:\/\/api.w.org\/{rel}","templated":true}]}}