{"id":4538,"date":"2020-04-29T10:32:46","date_gmt":"2020-04-29T08:32:46","guid":{"rendered":"http:\/\/agora.xtec.cat\/ceip-ignasiiglesias-cornella\/?p=4538"},"modified":"2020-04-29T10:32:46","modified_gmt":"2020-04-29T08:32:46","slug":"queen-i-want-it-all","status":"publish","type":"post","link":"https:\/\/agora.xtec.cat\/ceip-ignasiiglesias-cornella\/infantil\/p5\/queen-i-want-it-all\/","title":{"rendered":"Queen &#8211; I want it all"},"content":{"rendered":"<p>Bon dia!<\/p>\n<p>Trobem aqu\u00ed una can\u00e7\u00f3 especial pels alumnes de 4t, ja que aquesta va ser la can\u00e7\u00f3 que van fer en el festival d\u2019hivern d\u2019aquest curs.<\/p>\n<p>Aquesta can\u00e7\u00f3 \u00e9s del grup\u00a0<strong>Queen<\/strong>\u00a0i es diu\u00a0<strong>I Want it All.<\/strong><\/p>\n<p>Enlla\u00e7:\u00a0<a href=\"https:\/\/en.islcollective.com\/video-lessons\/queen-i-want-it-all\" target=\"_blank\" rel=\"noopener noreferrer\">Queen &#8211; I want it all<\/a><\/p>\n<p><strong>Si voleu alguna can\u00e7\u00f3 en concret, deixeu el vostre comentari i veurem si es pot posar tamb\u00e9!<\/strong><\/p>\n<p>Animeu-vos a participar i correu la veu als vostres companys!<br \/>\nRecordeu de posar el nom de l\u2019alumne, classe i percentatge que heu fet!<\/p>\n<p>Stay at home but do some English! =)<\/p>\n","protected":false},"excerpt":{"rendered":"<p>Bon dia!<br \/>\nTrobem aqu\u00ed una can\u00e7\u00f3 especial pels alumnes de 4t, ja que aquesta va ser la can\u00e7\u00f3 que van fer en el festival d\u2019hivern d\u2019aquest curs.<br \/>\nAquesta can\u00e7\u00f3 \u00e9s del grup\u00a0Queen\u00a0i es diu\u00a0I Want it All.<br \/>\nEnlla\u00e7:\u00a0<a href=\"https:\/\/en.islcollective.com\/video-lessons\/queen-i-want-it-all\" target=\"_blank\" rel=\"noopener noreferrer\">Queen &#8211; I want it all<\/a><br \/>\nSi voleu&hellip;  <a href=\"https:\/\/agora.xtec.cat\/ceip-ignasiiglesias-cornella\/infantil\/p5\/queen-i-want-it-all\/\" title=\"Read Queen &#8211; I want it all\">Llegeix m\u00e9s\u00bb<\/a><\/p>\n","protected":false},"author":4,"featured_media":0,"comment_status":"open","ping_status":"closed","sticky":false,"template":"","format":"standard","meta":{"_bbp_topic_count":0,"_bbp_reply_count":0,"_bbp_total_topic_count":0,"_bbp_total_reply_count":0,"_bbp_voice_count":0,"_bbp_anonymous_reply_count":0,"_bbp_topic_count_hidden":0,"_bbp_reply_count_hidden":0,"_bbp_forum_subforum_count":0,"footnotes":""},"categories":[82,10,12,14,72,9],"tags":[134,725,792,791,724],"class_list":["post-4538","post","type-post","status-publish","format-standard","hentry","category-angles","category-cicle-inicial","category-cicle-mitja","category-cicle-superior","category-musica","category-p5","tag-angles","tag-english","tag-i-want-it-all","tag-queen","tag-stay-at-home"],"post_mailing_queue_ids":[],"_links":{"self":[{"href":"https:\/\/agora.xtec.cat\/ceip-ignasiiglesias-cornella\/wp-json\/wp\/v2\/posts\/4538","targetHints":{"allow":["GET"]}}],"collection":[{"href":"https:\/\/agora.xtec.cat\/ceip-ignasiiglesias-cornella\/wp-json\/wp\/v2\/posts"}],"about":[{"href":"https:\/\/agora.xtec.cat\/ceip-ignasiiglesias-cornella\/wp-json\/wp\/v2\/types\/post"}],"author":[{"embeddable":true,"href":"https:\/\/agora.xtec.cat\/ceip-ignasiiglesias-cornella\/wp-json\/wp\/v2\/users\/4"}],"replies":[{"embeddable":true,"href":"https:\/\/agora.xtec.cat\/ceip-ignasiiglesias-cornella\/wp-json\/wp\/v2\/comments?post=4538"}],"version-history":[{"count":1,"href":"https:\/\/agora.xtec.cat\/ceip-ignasiiglesias-cornella\/wp-json\/wp\/v2\/posts\/4538\/revisions"}],"predecessor-version":[{"id":4539,"href":"https:\/\/agora.xtec.cat\/ceip-ignasiiglesias-cornella\/wp-json\/wp\/v2\/posts\/4538\/revisions\/4539"}],"wp:attachment":[{"href":"https:\/\/agora.xtec.cat\/ceip-ignasiiglesias-cornella\/wp-json\/wp\/v2\/media?parent=4538"}],"wp:term":[{"taxonomy":"category","embeddable":true,"href":"https:\/\/agora.xtec.cat\/ceip-ignasiiglesias-cornella\/wp-json\/wp\/v2\/categories?post=4538"},{"taxonomy":"post_tag","embeddable":true,"href":"https:\/\/agora.xtec.cat\/ceip-ignasiiglesias-cornella\/wp-json\/wp\/v2\/tags?post=4538"}],"curies":[{"name":"wp","href":"https:\/\/api.w.org\/{rel}","templated":true}]}}