{"id":4512,"date":"2020-04-23T14:25:50","date_gmt":"2020-04-23T12:25:50","guid":{"rendered":"http:\/\/agora.xtec.cat\/ceip-ignasiiglesias-cornella\/?p=4512"},"modified":"2022-02-14T01:19:58","modified_gmt":"2022-02-14T00:19:58","slug":"que-la-musica-t-acompanyi","status":"publish","type":"post","link":"https:\/\/agora.xtec.cat\/ceip-ignasiiglesias-cornella\/musica\/que-la-musica-t-acompanyi\/","title":{"rendered":"A CASA AMB M\u00daSICA!"},"content":{"rendered":"<p>Hola nenes, nens i fam\u00edlies de l\u2019 Ignasi!<\/p>\n<p>Deixeu-me que us digui, primer de tot, que us trobo molt i molt a faltar! Espero que estigueu tots i totes b\u00e9. No sabeu les ganes que tinc de tornar a l\u2019escola i poder fer m\u00fasica plegats! Ara per ara, per\u00f2, ens haurem de conformar amb aquesta manera virtual de fer les coses.<\/p>\n<p>En aquest article anir\u00e9 penjant algunes coses interessants que m\u2019 han anat arribant d\u2019aqu\u00ed i d\u2019all\u00e0 durant el confinament. Tamb\u00e9 propostes d\u2019 activitats. Com far\u00e9 articles per a cadascun dels punts de la llista, <strong>us animo a que comenteu tot el que vulgueu a cada article. Em servir\u00e0 per saber qu\u00e8 en penseu i sentir-vos una mica m\u00e9s a prop.<\/strong><\/p>\n<ul style=\"list-style-type: disc;\">\n<li>Si encara no ho heu fet, podeu accedir al recull d\u2019 activitats virtuals que vaig recopilar durant els primers dies d\u2019aquesta bogeria coronav\u00edrica. Entreu a <a href=\"https:\/\/agora.xtec.cat\/ceip-ignasiiglesias-cornella\/musica\/aula-virtual-de-musica\/\" target=\"_blank\" rel=\"noopener noreferrer\">l&#8217; AULA VIRTUAL DE M\u00daSICA<\/a> i deixeu als comentaris quina activitat us ha agradat m\u00e9s.<\/li>\n<li>Com ja imagineu, s\u2019 han hagut de suspendre totes les activitats i espectacles que est\u00e0vem preparant per a aquest darrer trimestre. Em sap molt greu, per\u00f2 estic orgullosa i molt contenta de tota la feina que heu fet\u2026 no penseu que ha estat temps perdut ja que les experi\u00e8ncies musicals i art\u00edstiques sempre aporten i ens canvien per dins. Mirarem de trobar una manera que ens ajudi a fer el tancament de la feina que hav\u00edem iniciat. Us deixo els enlla\u00e7os als articles amb el material que utilitz\u00e0vem tant sovint a l\u2019escola i us convido a fer comentaris sobre com us sentiu.\u00a0 <a href=\"https:\/\/agora.xtec.cat\/ceip-ignasiiglesias-cornella\/primaria\/cicle-mitja\/edudansa\/\" target=\"_blank\" rel=\"noopener noreferrer\">EDUDANSA\u00a0\u00a0\u00a0<\/a> <a href=\"https:\/\/agora.xtec.cat\/ceip-ignasiiglesias-cornella\/primaria\/cicle-mitja\/4t-musical-participatiu-el-millor-teatre-del-mon\/\" target=\"_blank\" rel=\"noopener noreferrer\">MUSICAL<\/a>\u00a0\u00a0\u00a0\u00a0 <a href=\"https:\/\/agora.xtec.cat\/ceip-ignasiiglesias-cornella\/primaria\/cicle-superior\/5e-cantania-2\/\" target=\"_blank\" rel=\"noopener noreferrer\">CANT\u00c0NIA<\/a><\/li>\n<li>Durant aquest confinament m&#8217; han arribat tantes creacions musicals fant\u00e0stiques que voldria anar compartint-les amb tots vosaltres&#8230; cliqueu l&#8217; enlla\u00e7 per accedir a l&#8217; article <a href=\"https:\/\/agora.xtec.cat\/ceip-ignasiiglesias-cornella\/musica\/musiques-del-confinament\/\" target=\"_blank\" rel=\"noopener noreferrer\">&#8220;M\u00daSIQUES DEL CONFINAMENT&#8221;<\/a> i tafanegeu. Deixeu a comentaris quina o quines us han agradat m\u00e9s i perqu\u00e8&#8230;<\/li>\n<li>Alumnes de 6\u00e8, el proper curs anireu a l&#8217; institut i, com ja sabeu, segurament haureu de tocar la flauta! Us enlla\u00e7o l&#8217; article <a href=\"https:\/\/agora.xtec.cat\/ceip-ignasiiglesias-cornella\/primaria\/cicle-superior\/6e-flautapati\/\">FLAUTAPATI<\/a> per si voleu anar practicant una mica.<\/li>\n<\/ul>\n","protected":false},"excerpt":{"rendered":"<p>Hola nenes, nens i fam\u00edlies de l\u2019 Ignasi!<br \/>\nDeixeu-me que us digui, primer de tot, que us trobo molt i molt a faltar! Espero que estigueu tots i totes b\u00e9. No sabeu les ganes que tinc de tornar a l\u2019escola i poder fer m\u00fasica plegats! Ara&hellip;  <a href=\"https:\/\/agora.xtec.cat\/ceip-ignasiiglesias-cornella\/musica\/que-la-musica-t-acompanyi\/\" title=\"Read A CASA AMB M\u00daSICA!\">Llegeix m\u00e9s\u00bb<\/a><\/p>\n","protected":false},"author":4,"featured_media":4513,"comment_status":"open","ping_status":"closed","sticky":false,"template":"","format":"standard","meta":{"_bbp_topic_count":0,"_bbp_reply_count":0,"_bbp_total_topic_count":0,"_bbp_total_reply_count":0,"_bbp_voice_count":0,"_bbp_anonymous_reply_count":0,"_bbp_topic_count_hidden":0,"_bbp_reply_count_hidden":0,"_bbp_forum_subforum_count":0,"footnotes":""},"categories":[72],"tags":[787],"class_list":["post-4512","post","type-post","status-publish","format-standard","has-post-thumbnail","hentry","category-musica","tag-musica-casa"],"post_mailing_queue_ids":[],"_links":{"self":[{"href":"https:\/\/agora.xtec.cat\/ceip-ignasiiglesias-cornella\/wp-json\/wp\/v2\/posts\/4512","targetHints":{"allow":["GET"]}}],"collection":[{"href":"https:\/\/agora.xtec.cat\/ceip-ignasiiglesias-cornella\/wp-json\/wp\/v2\/posts"}],"about":[{"href":"https:\/\/agora.xtec.cat\/ceip-ignasiiglesias-cornella\/wp-json\/wp\/v2\/types\/post"}],"author":[{"embeddable":true,"href":"https:\/\/agora.xtec.cat\/ceip-ignasiiglesias-cornella\/wp-json\/wp\/v2\/users\/4"}],"replies":[{"embeddable":true,"href":"https:\/\/agora.xtec.cat\/ceip-ignasiiglesias-cornella\/wp-json\/wp\/v2\/comments?post=4512"}],"version-history":[{"count":3,"href":"https:\/\/agora.xtec.cat\/ceip-ignasiiglesias-cornella\/wp-json\/wp\/v2\/posts\/4512\/revisions"}],"predecessor-version":[{"id":4566,"href":"https:\/\/agora.xtec.cat\/ceip-ignasiiglesias-cornella\/wp-json\/wp\/v2\/posts\/4512\/revisions\/4566"}],"wp:featuredmedia":[{"embeddable":true,"href":"https:\/\/agora.xtec.cat\/ceip-ignasiiglesias-cornella\/wp-json\/wp\/v2\/media\/4513"}],"wp:attachment":[{"href":"https:\/\/agora.xtec.cat\/ceip-ignasiiglesias-cornella\/wp-json\/wp\/v2\/media?parent=4512"}],"wp:term":[{"taxonomy":"category","embeddable":true,"href":"https:\/\/agora.xtec.cat\/ceip-ignasiiglesias-cornella\/wp-json\/wp\/v2\/categories?post=4512"},{"taxonomy":"post_tag","embeddable":true,"href":"https:\/\/agora.xtec.cat\/ceip-ignasiiglesias-cornella\/wp-json\/wp\/v2\/tags?post=4512"}],"curies":[{"name":"wp","href":"https:\/\/api.w.org\/{rel}","templated":true}]}}