{"id":4487,"date":"2020-04-22T22:51:55","date_gmt":"2020-04-22T20:51:55","guid":{"rendered":"http:\/\/agora.xtec.cat\/ceip-ignasiiglesias-cornella\/?p=4487"},"modified":"2020-04-23T00:28:07","modified_gmt":"2020-04-22T22:28:07","slug":"sant-jordi-2020-2","status":"publish","type":"post","link":"https:\/\/agora.xtec.cat\/ceip-ignasiiglesias-cornella\/general\/sant-jordi-2020-2\/","title":{"rendered":"SANT JORDI 2020"},"content":{"rendered":"<h4 style=\"text-align: justify; padding-left: 40px;\">Hola fam\u00edlies, us posem una versi\u00f3 de la llegenda de Sant Jordi a on participen una representaci\u00f3 de mestres de totes les escoles de Cornell\u00e0. Malgrat no han pogut sortir totes les mestres, totes i tots els mestres de l&#8217;Ignasi us la volem regalar en aquest dia.Esperem que la gaudiu.<\/h4>\n<p style=\"padding-left: 40px; text-align: center;\">(cliqueu a sobre de les imatges)<\/p>\n<p>&nbsp;<\/p>\n<p><a href=\"https:\/\/drive.google.com\/file\/d\/1Wr0oc0ZDfCjMEo1fi3_Vc676f_7skLed\/view?usp=sharing\"><img loading=\"lazy\" decoding=\"async\" class=\"aligncenter  wp-image-4499\" src=\"https:\/\/agora.xtec.cat\/ceip-ignasiiglesias-cornella\/wp-content\/uploads\/usu1592\/2020\/04\/FB_IMG_1587594025703.jpg\" alt=\"\" width=\"283\" height=\"400\" srcset=\"https:\/\/agora.xtec.cat\/ceip-ignasiiglesias-cornella\/wp-content\/uploads\/usu1592\/2020\/04\/FB_IMG_1587594025703.jpg 1080w, https:\/\/agora.xtec.cat\/ceip-ignasiiglesias-cornella\/wp-content\/uploads\/usu1592\/2020\/04\/FB_IMG_1587594025703-212x300.jpg 212w, https:\/\/agora.xtec.cat\/ceip-ignasiiglesias-cornella\/wp-content\/uploads\/usu1592\/2020\/04\/FB_IMG_1587594025703-768x1086.jpg 768w, https:\/\/agora.xtec.cat\/ceip-ignasiiglesias-cornella\/wp-content\/uploads\/usu1592\/2020\/04\/FB_IMG_1587594025703-724x1024.jpg 724w\" sizes=\"auto, (max-width: 283px) 100vw, 283px\" \/><\/a><\/p>\n<p>&nbsp;<\/p>\n<h4 style=\"text-align: center;\">Tamb\u00e9 tenim un joc per veure quant sabeu de Sant Jordi<\/h4>\n<p><a href=\"https:\/\/www.queensapsdesantjordi.cat\/\"><img loading=\"lazy\" decoding=\"async\" class=\"aligncenter wp-image-4486\" src=\"https:\/\/agora.xtec.cat\/ceip-ignasiiglesias-cornella\/wp-content\/uploads\/usu1592\/2020\/04\/joc-e1587563804291.jpg\" alt=\"\" width=\"319\" height=\"211\" \/><\/a><\/p>\n","protected":false},"excerpt":{"rendered":"<p>Hola fam\u00edlies, us posem una versi\u00f3 de la llegenda de Sant Jordi a on participen una representaci\u00f3 de mestres de totes les escoles de Cornell\u00e0. Malgrat no han pogut sortir totes les mestres, totes i tots els mestres de l&#8217;Ignasi us la volem regalar en&hellip;  <a href=\"https:\/\/agora.xtec.cat\/ceip-ignasiiglesias-cornella\/general\/sant-jordi-2020-2\/\" title=\"Read SANT JORDI 2020\">Llegeix m\u00e9s\u00bb<\/a><\/p>\n","protected":false},"author":1,"featured_media":4499,"comment_status":"open","ping_status":"closed","sticky":false,"template":"","format":"standard","meta":{"_bbp_topic_count":0,"_bbp_reply_count":0,"_bbp_total_topic_count":0,"_bbp_total_reply_count":0,"_bbp_voice_count":0,"_bbp_anonymous_reply_count":0,"_bbp_topic_count_hidden":0,"_bbp_reply_count_hidden":0,"_bbp_forum_subforum_count":0,"footnotes":""},"categories":[10,12,14,74,1,2,72,3,8,9,4,5],"tags":[730,89,121,775],"class_list":["post-4487","post","type-post","status-publish","format-standard","has-post-thumbnail","hentry","category-cicle-inicial","category-cicle-mitja","category-cicle-superior","category-festes","category-general","category-infantil","category-musica","category-p3","category-p4","category-p5","category-portada","category-primaria","tag-quedatacasa","tag-contes","tag-jocs","tag-santjordi20"],"post_mailing_queue_ids":[],"_links":{"self":[{"href":"https:\/\/agora.xtec.cat\/ceip-ignasiiglesias-cornella\/wp-json\/wp\/v2\/posts\/4487","targetHints":{"allow":["GET"]}}],"collection":[{"href":"https:\/\/agora.xtec.cat\/ceip-ignasiiglesias-cornella\/wp-json\/wp\/v2\/posts"}],"about":[{"href":"https:\/\/agora.xtec.cat\/ceip-ignasiiglesias-cornella\/wp-json\/wp\/v2\/types\/post"}],"author":[{"embeddable":true,"href":"https:\/\/agora.xtec.cat\/ceip-ignasiiglesias-cornella\/wp-json\/wp\/v2\/users\/1"}],"replies":[{"embeddable":true,"href":"https:\/\/agora.xtec.cat\/ceip-ignasiiglesias-cornella\/wp-json\/wp\/v2\/comments?post=4487"}],"version-history":[{"count":3,"href":"https:\/\/agora.xtec.cat\/ceip-ignasiiglesias-cornella\/wp-json\/wp\/v2\/posts\/4487\/revisions"}],"predecessor-version":[{"id":4500,"href":"https:\/\/agora.xtec.cat\/ceip-ignasiiglesias-cornella\/wp-json\/wp\/v2\/posts\/4487\/revisions\/4500"}],"wp:featuredmedia":[{"embeddable":true,"href":"https:\/\/agora.xtec.cat\/ceip-ignasiiglesias-cornella\/wp-json\/wp\/v2\/media\/4499"}],"wp:attachment":[{"href":"https:\/\/agora.xtec.cat\/ceip-ignasiiglesias-cornella\/wp-json\/wp\/v2\/media?parent=4487"}],"wp:term":[{"taxonomy":"category","embeddable":true,"href":"https:\/\/agora.xtec.cat\/ceip-ignasiiglesias-cornella\/wp-json\/wp\/v2\/categories?post=4487"},{"taxonomy":"post_tag","embeddable":true,"href":"https:\/\/agora.xtec.cat\/ceip-ignasiiglesias-cornella\/wp-json\/wp\/v2\/tags?post=4487"}],"curies":[{"name":"wp","href":"https:\/\/api.w.org\/{rel}","templated":true}]}}