{"id":4442,"date":"2020-04-21T16:06:07","date_gmt":"2020-04-21T14:06:07","guid":{"rendered":"http:\/\/agora.xtec.cat\/ceip-ignasiiglesias-cornella\/?p=4442"},"modified":"2020-04-22T16:16:30","modified_gmt":"2020-04-22T14:16:30","slug":"sant-jordi-2020","status":"publish","type":"post","link":"https:\/\/agora.xtec.cat\/ceip-ignasiiglesias-cornella\/infantil\/sant-jordi-2020\/","title":{"rendered":"SANT JORDI 2020 LA NOSTRA DIADA CONFINADA"},"content":{"rendered":"<h1 style=\"text-align: center;\">SANT JORDI 2020 CONFINAT<\/h1>\n<p>Hola fam\u00edlies, de ben segur que aquest ser\u00e0 un Sant Jordi ben diferent a tot arreu. Diferent al carrer, diferent a casa, diferent a les llibreries, diferents a les floristeries, diferents en la relaci\u00f3 social i diferent a l&#8217;escola. Ben diferent, segur , per\u00f2 no per aix\u00f2 ho deixarem de celebrar. Aqu\u00ed us anirem deixant les propostes que ens feu arribar per tal de compartir-les amb tot l&#8217;Ignasi.<\/p>\n<h2 style=\"text-align: center;\"><span style=\"color: #ff0000;\">BONA DIADA A TOTES I A TOTS!!!!<\/span><\/h2>\n<p><a href=\"https:\/\/photos.app.goo.gl\/hJRrtirp3re1cqus7\"><img loading=\"lazy\" decoding=\"async\" class=\"aligncenter wp-image-4444\" src=\"https:\/\/agora.xtec.cat\/ceip-ignasiiglesias-cornella\/wp-content\/uploads\/usu1592\/2020\/04\/Sant-jordi-llibres-roses-e1587030892305.gif\" alt=\"\" width=\"681\" height=\"335\" \/><\/a><\/p>\n<p>&nbsp;<\/p>\n<p>&nbsp;<\/p>\n<p>&nbsp;<\/p>\n","protected":false},"excerpt":{"rendered":"<p>SANT JORDI 2020 CONFINAT<br \/>\nHola fam\u00edlies, de ben segur que aquest ser\u00e0 un Sant Jordi ben diferent a tot arreu. Diferent al carrer, diferent a casa, diferent a les llibreries, diferents a les floristeries, diferents en la relaci\u00f3 social i diferent a l&#8217;escola. Ben diferent, segur&hellip;  <a href=\"https:\/\/agora.xtec.cat\/ceip-ignasiiglesias-cornella\/infantil\/sant-jordi-2020\/\" title=\"Read SANT JORDI 2020 LA NOSTRA DIADA CONFINADA\">Llegeix m\u00e9s\u00bb<\/a><\/p>\n","protected":false},"author":1,"featured_media":4444,"comment_status":"open","ping_status":"closed","sticky":false,"template":"","format":"standard","meta":{"_bbp_topic_count":0,"_bbp_reply_count":0,"_bbp_total_topic_count":0,"_bbp_total_reply_count":0,"_bbp_voice_count":0,"_bbp_anonymous_reply_count":0,"_bbp_topic_count_hidden":0,"_bbp_reply_count_hidden":0,"_bbp_forum_subforum_count":0,"footnotes":""},"categories":[10,12,14,2,3,8,9,4,5],"tags":[731,723,743,775],"class_list":["post-4442","post","type-post","status-publish","format-standard","has-post-thumbnail","hentry","category-cicle-inicial","category-cicle-mitja","category-cicle-superior","category-infantil","category-p3","category-p4","category-p5","category-portada","category-primaria","tag-totanirabe","tag-totsortirabe","tag-joemquedoacasa","tag-santjordi20"],"post_mailing_queue_ids":[],"_links":{"self":[{"href":"https:\/\/agora.xtec.cat\/ceip-ignasiiglesias-cornella\/wp-json\/wp\/v2\/posts\/4442","targetHints":{"allow":["GET"]}}],"collection":[{"href":"https:\/\/agora.xtec.cat\/ceip-ignasiiglesias-cornella\/wp-json\/wp\/v2\/posts"}],"about":[{"href":"https:\/\/agora.xtec.cat\/ceip-ignasiiglesias-cornella\/wp-json\/wp\/v2\/types\/post"}],"author":[{"embeddable":true,"href":"https:\/\/agora.xtec.cat\/ceip-ignasiiglesias-cornella\/wp-json\/wp\/v2\/users\/1"}],"replies":[{"embeddable":true,"href":"https:\/\/agora.xtec.cat\/ceip-ignasiiglesias-cornella\/wp-json\/wp\/v2\/comments?post=4442"}],"version-history":[{"count":3,"href":"https:\/\/agora.xtec.cat\/ceip-ignasiiglesias-cornella\/wp-json\/wp\/v2\/posts\/4442\/revisions"}],"predecessor-version":[{"id":4493,"href":"https:\/\/agora.xtec.cat\/ceip-ignasiiglesias-cornella\/wp-json\/wp\/v2\/posts\/4442\/revisions\/4493"}],"wp:featuredmedia":[{"embeddable":true,"href":"https:\/\/agora.xtec.cat\/ceip-ignasiiglesias-cornella\/wp-json\/wp\/v2\/media\/4444"}],"wp:attachment":[{"href":"https:\/\/agora.xtec.cat\/ceip-ignasiiglesias-cornella\/wp-json\/wp\/v2\/media?parent=4442"}],"wp:term":[{"taxonomy":"category","embeddable":true,"href":"https:\/\/agora.xtec.cat\/ceip-ignasiiglesias-cornella\/wp-json\/wp\/v2\/categories?post=4442"},{"taxonomy":"post_tag","embeddable":true,"href":"https:\/\/agora.xtec.cat\/ceip-ignasiiglesias-cornella\/wp-json\/wp\/v2\/tags?post=4442"}],"curies":[{"name":"wp","href":"https:\/\/api.w.org\/{rel}","templated":true}]}}