{"id":4423,"date":"2020-04-15T15:41:25","date_gmt":"2020-04-15T13:41:25","guid":{"rendered":"http:\/\/agora.xtec.cat\/ceip-ignasiiglesias-cornella\/?p=4423"},"modified":"2020-04-15T15:41:25","modified_gmt":"2020-04-15T13:41:25","slug":"els-mes-grans-de-lignasi","status":"publish","type":"post","link":"https:\/\/agora.xtec.cat\/ceip-ignasiiglesias-cornella\/general\/els-mes-grans-de-lignasi\/","title":{"rendered":"ELS M\u00c9S GRANS DE L&#8217;IGNASI"},"content":{"rendered":"<p>Les nenes i nens de\u00a0 sis\u00e8 de l&#8217;Ignasi tamb\u00e9 ens regalen un moment m\u00e0gic amb ells. Mireu-los.<\/p>\n<p><a href=\"https:\/\/youtu.be\/G6MDWZZINk4\"><img loading=\"lazy\" decoding=\"async\" class=\"aligncenter size-full wp-image-3573\" src=\"https:\/\/agora.xtec.cat\/ceip-ignasiiglesias-cornella\/wp-content\/uploads\/usu1592\/2019\/10\/civilitzaci\u00f3-romana.jpg\" alt=\"\" width=\"570\" height=\"388\" \/><\/a><\/p>\n","protected":false},"excerpt":{"rendered":"<p>Les nenes i nens de\u00a0 sis\u00e8 de l&#8217;Ignasi tamb\u00e9 ens regalen un moment m\u00e0gic amb ells. Mireu-los.<br \/>\n<a href=\"https:\/\/youtu.be\/G6MDWZZINk4\"><\/a><\/p>\n","protected":false},"author":1,"featured_media":0,"comment_status":"closed","ping_status":"closed","sticky":false,"template":"","format":"standard","meta":{"_bbp_topic_count":0,"_bbp_reply_count":0,"_bbp_total_topic_count":0,"_bbp_total_reply_count":0,"_bbp_voice_count":0,"_bbp_anonymous_reply_count":0,"_bbp_topic_count_hidden":0,"_bbp_reply_count_hidden":0,"_bbp_forum_subforum_count":0,"footnotes":""},"categories":[14,1,4],"tags":[730,723,774,743,133],"class_list":["post-4423","post","type-post","status-publish","format-standard","hentry","category-cicle-superior","category-general","category-portada","tag-quedatacasa","tag-totsortirabe","tag-ciclesuperior","tag-joemquedoacasa","tag-sise"],"post_mailing_queue_ids":[],"_links":{"self":[{"href":"https:\/\/agora.xtec.cat\/ceip-ignasiiglesias-cornella\/wp-json\/wp\/v2\/posts\/4423","targetHints":{"allow":["GET"]}}],"collection":[{"href":"https:\/\/agora.xtec.cat\/ceip-ignasiiglesias-cornella\/wp-json\/wp\/v2\/posts"}],"about":[{"href":"https:\/\/agora.xtec.cat\/ceip-ignasiiglesias-cornella\/wp-json\/wp\/v2\/types\/post"}],"author":[{"embeddable":true,"href":"https:\/\/agora.xtec.cat\/ceip-ignasiiglesias-cornella\/wp-json\/wp\/v2\/users\/1"}],"replies":[{"embeddable":true,"href":"https:\/\/agora.xtec.cat\/ceip-ignasiiglesias-cornella\/wp-json\/wp\/v2\/comments?post=4423"}],"version-history":[{"count":1,"href":"https:\/\/agora.xtec.cat\/ceip-ignasiiglesias-cornella\/wp-json\/wp\/v2\/posts\/4423\/revisions"}],"predecessor-version":[{"id":4424,"href":"https:\/\/agora.xtec.cat\/ceip-ignasiiglesias-cornella\/wp-json\/wp\/v2\/posts\/4423\/revisions\/4424"}],"wp:attachment":[{"href":"https:\/\/agora.xtec.cat\/ceip-ignasiiglesias-cornella\/wp-json\/wp\/v2\/media?parent=4423"}],"wp:term":[{"taxonomy":"category","embeddable":true,"href":"https:\/\/agora.xtec.cat\/ceip-ignasiiglesias-cornella\/wp-json\/wp\/v2\/categories?post=4423"},{"taxonomy":"post_tag","embeddable":true,"href":"https:\/\/agora.xtec.cat\/ceip-ignasiiglesias-cornella\/wp-json\/wp\/v2\/tags?post=4423"}],"curies":[{"name":"wp","href":"https:\/\/api.w.org\/{rel}","templated":true}]}}