{"id":4386,"date":"2020-04-03T19:29:50","date_gmt":"2020-04-03T17:29:50","guid":{"rendered":"http:\/\/agora.xtec.cat\/ceip-ignasiiglesias-cornella\/?p=4386"},"modified":"2020-04-03T19:29:50","modified_gmt":"2020-04-03T17:29:50","slug":"billie-eilish-khalid-lovely","status":"publish","type":"post","link":"https:\/\/agora.xtec.cat\/ceip-ignasiiglesias-cornella\/general\/billie-eilish-khalid-lovely\/","title":{"rendered":"Billie Eilish, Khalid &#8211; lovely"},"content":{"rendered":"<p>Bon dia!<\/p>\n<p>Aqu\u00ed l&#8217;\u00faltim repte fins despr\u00e9s de vacances de Setmana Santa!<\/p>\n<p>Aquesta can\u00e7\u00f3 \u00e9s d&#8217;una artista for\u00e7a coneguda per vosaltres, <strong>Billie Eilish<\/strong> amb <strong>Khalid<\/strong> i es titula <strong>lovely<\/strong>.<\/p>\n<p>Enlla\u00e7:\u00a0<a href=\"https:\/\/en.islcollective.com\/video-lessons\/billie-eilish-khalid-lovely\" target=\"_blank\" rel=\"noopener noreferrer\">Billie Eilish, Khalid &#8211; lovely<\/a><\/p>\n<p><strong>Si voleu alguna can\u00e7\u00f3 en concret, deixeu el vostre comentari i veurem si es pot posar tamb\u00e9!<\/strong><\/p>\n<p>Animeu-vos a participar i correu la veu als vostres companys!<br \/>\nRecordeu de posar el nom de l\u2019alumne, classe i percentatge que heu fet!<\/p>\n<p>Stay at home but do some English! =)<\/p>\n","protected":false},"excerpt":{"rendered":"<p>Bon dia!<br \/>\nAqu\u00ed l&#8217;\u00faltim repte fins despr\u00e9s de vacances de Setmana Santa!<br \/>\nAquesta can\u00e7\u00f3 \u00e9s d&#8217;una artista for\u00e7a coneguda per vosaltres, Billie Eilish amb Khalid i es titula lovely.<br \/>\nEnlla\u00e7:\u00a0<a href=\"https:\/\/en.islcollective.com\/video-lessons\/billie-eilish-khalid-lovely\" target=\"_blank\" rel=\"noopener noreferrer\">Billie Eilish, Khalid &#8211; lovely<\/a><br \/>\nSi voleu alguna can\u00e7\u00f3 en concret, deixeu el vostre comentari i&hellip;  <a href=\"https:\/\/agora.xtec.cat\/ceip-ignasiiglesias-cornella\/general\/billie-eilish-khalid-lovely\/\" title=\"Read Billie Eilish, Khalid &#8211; lovely\">Llegeix m\u00e9s\u00bb<\/a><\/p>\n","protected":false},"author":4,"featured_media":0,"comment_status":"open","ping_status":"closed","sticky":false,"template":"","format":"standard","meta":{"_bbp_topic_count":0,"_bbp_reply_count":0,"_bbp_total_topic_count":0,"_bbp_total_reply_count":0,"_bbp_voice_count":0,"_bbp_anonymous_reply_count":0,"_bbp_topic_count_hidden":0,"_bbp_reply_count_hidden":0,"_bbp_forum_subforum_count":0,"footnotes":""},"categories":[82,10,12,14,1,2,72],"tags":[134,773,725,772,771,724],"class_list":["post-4386","post","type-post","status-publish","format-standard","hentry","category-angles","category-cicle-inicial","category-cicle-mitja","category-cicle-superior","category-general","category-infantil","category-musica","tag-angles","tag-billie-eilish","tag-english","tag-khalid","tag-lovely","tag-stay-at-home"],"post_mailing_queue_ids":[],"_links":{"self":[{"href":"https:\/\/agora.xtec.cat\/ceip-ignasiiglesias-cornella\/wp-json\/wp\/v2\/posts\/4386","targetHints":{"allow":["GET"]}}],"collection":[{"href":"https:\/\/agora.xtec.cat\/ceip-ignasiiglesias-cornella\/wp-json\/wp\/v2\/posts"}],"about":[{"href":"https:\/\/agora.xtec.cat\/ceip-ignasiiglesias-cornella\/wp-json\/wp\/v2\/types\/post"}],"author":[{"embeddable":true,"href":"https:\/\/agora.xtec.cat\/ceip-ignasiiglesias-cornella\/wp-json\/wp\/v2\/users\/4"}],"replies":[{"embeddable":true,"href":"https:\/\/agora.xtec.cat\/ceip-ignasiiglesias-cornella\/wp-json\/wp\/v2\/comments?post=4386"}],"version-history":[{"count":1,"href":"https:\/\/agora.xtec.cat\/ceip-ignasiiglesias-cornella\/wp-json\/wp\/v2\/posts\/4386\/revisions"}],"predecessor-version":[{"id":4387,"href":"https:\/\/agora.xtec.cat\/ceip-ignasiiglesias-cornella\/wp-json\/wp\/v2\/posts\/4386\/revisions\/4387"}],"wp:attachment":[{"href":"https:\/\/agora.xtec.cat\/ceip-ignasiiglesias-cornella\/wp-json\/wp\/v2\/media?parent=4386"}],"wp:term":[{"taxonomy":"category","embeddable":true,"href":"https:\/\/agora.xtec.cat\/ceip-ignasiiglesias-cornella\/wp-json\/wp\/v2\/categories?post=4386"},{"taxonomy":"post_tag","embeddable":true,"href":"https:\/\/agora.xtec.cat\/ceip-ignasiiglesias-cornella\/wp-json\/wp\/v2\/tags?post=4386"}],"curies":[{"name":"wp","href":"https:\/\/api.w.org\/{rel}","templated":true}]}}