{"id":4384,"date":"2020-04-03T19:30:32","date_gmt":"2020-04-03T17:30:32","guid":{"rendered":"http:\/\/agora.xtec.cat\/ceip-ignasiiglesias-cornella\/?p=4384"},"modified":"2020-04-03T19:30:32","modified_gmt":"2020-04-03T17:30:32","slug":"john-legend-ariana-grande-beauty-and-the-beast","status":"publish","type":"post","link":"https:\/\/agora.xtec.cat\/ceip-ignasiiglesias-cornella\/general\/john-legend-ariana-grande-beauty-and-the-beast\/","title":{"rendered":"John Legend &amp; Ariana Grande &#8211; Beauty and the Beast"},"content":{"rendered":"<p>Bon dia!!<\/p>\n<p>El repte d&#8217;avui \u00e9s una altre banda sonora d&#8217;una pel\u00b7l\u00edcula Disney. Aquesta \u00e9s de la <strong>Bella i la B\u00e8stia<\/strong>. \u00c9s la canc\u00f3 principal i la van versionar els artistes <strong>John Legend<\/strong> i <strong>Ariana Grande<\/strong>.<\/p>\n<p>Un cop m\u00e9s\u00a0veure aquesta pel\u00b7l\u00edcula en angl\u00e8s, ja que \u00e9s un dels cl\u00e0ssics de Disney, segurament sabreu millor que nosaltres els di\u00e0legs i m\u00e9s f\u00e0cil la comprensi\u00f3.<\/p>\n<p>Enlla\u00e7:\u00a0<a href=\"https:\/\/en.islcollective.com\/video-lessons\/john-legend-feat-ariana-grande-beauty-and-the-beast\" target=\"_blank\" rel=\"noopener noreferrer\">John Legend &amp; Ariana Grande &#8211; Beauty and the Beast<\/a><\/p>\n<p><strong>Si voleu alguna can\u00e7\u00f3 en concret, deixeu el vostre comentari i veurem si es pot posar tamb\u00e9!<\/strong><\/p>\n<p>Animeu-vos a participar i correu la veu als vostres companys!<br \/>\nRecordeu de posar el nom de l\u2019alumne, classe i percentatge que heu fet!<\/p>\n<p>Stay at home but do some English! =)<\/p>\n","protected":false},"excerpt":{"rendered":"<p>Bon dia!!<br \/>\nEl repte d&#8217;avui \u00e9s una altre banda sonora d&#8217;una pel\u00b7l\u00edcula Disney. Aquesta \u00e9s de la Bella i la B\u00e8stia. \u00c9s la canc\u00f3 principal i la van versionar els artistes John Legend i Ariana Grande.<br \/>\nUn cop m\u00e9s\u00a0veure aquesta pel\u00b7l\u00edcula en angl\u00e8s, ja que \u00e9s un&hellip;  <a href=\"https:\/\/agora.xtec.cat\/ceip-ignasiiglesias-cornella\/general\/john-legend-ariana-grande-beauty-and-the-beast\/\" title=\"Read John Legend &amp; Ariana Grande &#8211; Beauty and the Beast\">Llegeix m\u00e9s\u00bb<\/a><\/p>\n","protected":false},"author":4,"featured_media":0,"comment_status":"open","ping_status":"closed","sticky":false,"template":"","format":"standard","meta":{"_bbp_topic_count":0,"_bbp_reply_count":0,"_bbp_total_topic_count":0,"_bbp_total_reply_count":0,"_bbp_voice_count":0,"_bbp_anonymous_reply_count":0,"_bbp_topic_count_hidden":0,"_bbp_reply_count_hidden":0,"_bbp_forum_subforum_count":0,"footnotes":""},"categories":[82,10,12,14,1,2,72],"tags":[134,770,725,724],"class_list":["post-4384","post","type-post","status-publish","format-standard","hentry","category-angles","category-cicle-inicial","category-cicle-mitja","category-cicle-superior","category-general","category-infantil","category-musica","tag-angles","tag-beauty-and-the-beast","tag-english","tag-stay-at-home"],"post_mailing_queue_ids":[],"_links":{"self":[{"href":"https:\/\/agora.xtec.cat\/ceip-ignasiiglesias-cornella\/wp-json\/wp\/v2\/posts\/4384","targetHints":{"allow":["GET"]}}],"collection":[{"href":"https:\/\/agora.xtec.cat\/ceip-ignasiiglesias-cornella\/wp-json\/wp\/v2\/posts"}],"about":[{"href":"https:\/\/agora.xtec.cat\/ceip-ignasiiglesias-cornella\/wp-json\/wp\/v2\/types\/post"}],"author":[{"embeddable":true,"href":"https:\/\/agora.xtec.cat\/ceip-ignasiiglesias-cornella\/wp-json\/wp\/v2\/users\/4"}],"replies":[{"embeddable":true,"href":"https:\/\/agora.xtec.cat\/ceip-ignasiiglesias-cornella\/wp-json\/wp\/v2\/comments?post=4384"}],"version-history":[{"count":1,"href":"https:\/\/agora.xtec.cat\/ceip-ignasiiglesias-cornella\/wp-json\/wp\/v2\/posts\/4384\/revisions"}],"predecessor-version":[{"id":4385,"href":"https:\/\/agora.xtec.cat\/ceip-ignasiiglesias-cornella\/wp-json\/wp\/v2\/posts\/4384\/revisions\/4385"}],"wp:attachment":[{"href":"https:\/\/agora.xtec.cat\/ceip-ignasiiglesias-cornella\/wp-json\/wp\/v2\/media?parent=4384"}],"wp:term":[{"taxonomy":"category","embeddable":true,"href":"https:\/\/agora.xtec.cat\/ceip-ignasiiglesias-cornella\/wp-json\/wp\/v2\/categories?post=4384"},{"taxonomy":"post_tag","embeddable":true,"href":"https:\/\/agora.xtec.cat\/ceip-ignasiiglesias-cornella\/wp-json\/wp\/v2\/tags?post=4384"}],"curies":[{"name":"wp","href":"https:\/\/api.w.org\/{rel}","templated":true}]}}