{"id":4374,"date":"2020-03-31T10:25:06","date_gmt":"2020-03-31T08:25:06","guid":{"rendered":"http:\/\/agora.xtec.cat\/ceip-ignasiiglesias-cornella\/?p=4374"},"modified":"2020-04-01T00:22:35","modified_gmt":"2020-03-31T22:22:35","slug":"kidz-bop-old-town-road-lil-nas-x-billy-cyrus","status":"publish","type":"post","link":"https:\/\/agora.xtec.cat\/ceip-ignasiiglesias-cornella\/general\/kidz-bop-old-town-road-lil-nas-x-billy-cyrus\/","title":{"rendered":"Kidz Bop &#8211; Old Town Road (Lil Nas X &amp; Billy Cyrus)"},"content":{"rendered":"<p>Bon dia!<\/p>\n<p>Aqu\u00ed tenim un altre versi\u00f3 feta pel grup juvenil Kidz Bop, en aquest cas es tracta de la can\u00e7\u00f3 que va ser molt viral en el seu moment <strong>Old Town Road &#8211; Lil Nas X feat Billy Cyrus<\/strong>.<\/p>\n<p>Enlla\u00e7:\u00a0<a href=\"https:\/\/en.islcollective.com\/video-lessons\/kidz-bop-old-town-road-lil-nas-x\" target=\"_blank\" rel=\"noopener noreferrer\">Kidz Bop &#8211; Old Town Road (Lil Nas X)<\/a><\/p>\n<p><strong>Si voleu alguna can\u00e7\u00f3 en concret, deixeu el vostre comentari i veurem si es pot posar tamb\u00e9!<\/strong><\/p>\n<p>Animeu-vos a participar i correu la veu als vostres companys!<br \/>\nRecordeu de posar el nom de l\u2019alumne, classe i percentatge que heu fet!<\/p>\n<p>Stay at home but do some English! =)<\/p>\n","protected":false},"excerpt":{"rendered":"<p>Bon dia!<br \/>\nAqu\u00ed tenim un altre versi\u00f3 feta pel grup juvenil Kidz Bop, en aquest cas es tracta de la can\u00e7\u00f3 que va ser molt viral en el seu moment Old Town Road &#8211; Lil Nas X feat Billy Cyrus.<br \/>\nEnlla\u00e7:\u00a0<a href=\"https:\/\/en.islcollective.com\/video-lessons\/kidz-bop-old-town-road-lil-nas-x\" target=\"_blank\" rel=\"noopener noreferrer\">Kidz Bop &#8211;&hellip;  <a href=\"https:\/\/agora.xtec.cat\/ceip-ignasiiglesias-cornella\/general\/kidz-bop-old-town-road-lil-nas-x-billy-cyrus\/\" title=\"Read Kidz Bop &#8211; Old Town Road (Lil Nas X &amp; Billy Cyrus)\">Llegeix m\u00e9s\u00bb<\/a><\/p>\n","protected":false},"author":4,"featured_media":0,"comment_status":"open","ping_status":"closed","sticky":false,"template":"","format":"standard","meta":{"_bbp_topic_count":0,"_bbp_reply_count":0,"_bbp_total_topic_count":0,"_bbp_total_reply_count":0,"_bbp_voice_count":0,"_bbp_anonymous_reply_count":0,"_bbp_topic_count_hidden":0,"_bbp_reply_count_hidden":0,"_bbp_forum_subforum_count":0,"footnotes":""},"categories":[82,10,12,14,1,72,3,8,9],"tags":[134,765,759,764,763,724],"class_list":["post-4374","post","type-post","status-publish","format-standard","hentry","category-angles","category-cicle-inicial","category-cicle-mitja","category-cicle-superior","category-general","category-musica","category-p3","category-p4","category-p5","tag-angles","tag-billy-cyrus","tag-kidz-bop","tag-lil-nas-x","tag-old-town-road","tag-stay-at-home"],"post_mailing_queue_ids":[],"_links":{"self":[{"href":"https:\/\/agora.xtec.cat\/ceip-ignasiiglesias-cornella\/wp-json\/wp\/v2\/posts\/4374","targetHints":{"allow":["GET"]}}],"collection":[{"href":"https:\/\/agora.xtec.cat\/ceip-ignasiiglesias-cornella\/wp-json\/wp\/v2\/posts"}],"about":[{"href":"https:\/\/agora.xtec.cat\/ceip-ignasiiglesias-cornella\/wp-json\/wp\/v2\/types\/post"}],"author":[{"embeddable":true,"href":"https:\/\/agora.xtec.cat\/ceip-ignasiiglesias-cornella\/wp-json\/wp\/v2\/users\/4"}],"replies":[{"embeddable":true,"href":"https:\/\/agora.xtec.cat\/ceip-ignasiiglesias-cornella\/wp-json\/wp\/v2\/comments?post=4374"}],"version-history":[{"count":1,"href":"https:\/\/agora.xtec.cat\/ceip-ignasiiglesias-cornella\/wp-json\/wp\/v2\/posts\/4374\/revisions"}],"predecessor-version":[{"id":4375,"href":"https:\/\/agora.xtec.cat\/ceip-ignasiiglesias-cornella\/wp-json\/wp\/v2\/posts\/4374\/revisions\/4375"}],"wp:attachment":[{"href":"https:\/\/agora.xtec.cat\/ceip-ignasiiglesias-cornella\/wp-json\/wp\/v2\/media?parent=4374"}],"wp:term":[{"taxonomy":"category","embeddable":true,"href":"https:\/\/agora.xtec.cat\/ceip-ignasiiglesias-cornella\/wp-json\/wp\/v2\/categories?post=4374"},{"taxonomy":"post_tag","embeddable":true,"href":"https:\/\/agora.xtec.cat\/ceip-ignasiiglesias-cornella\/wp-json\/wp\/v2\/tags?post=4374"}],"curies":[{"name":"wp","href":"https:\/\/api.w.org\/{rel}","templated":true}]}}