{"id":4365,"date":"2020-03-30T20:22:17","date_gmt":"2020-03-30T18:22:17","guid":{"rendered":"http:\/\/agora.xtec.cat\/ceip-ignasiiglesias-cornella\/?p=4365"},"modified":"2020-03-30T21:06:45","modified_gmt":"2020-03-30T19:06:45","slug":"dia-mundial-de-l-autisme","status":"publish","type":"post","link":"https:\/\/agora.xtec.cat\/ceip-ignasiiglesias-cornella\/infantil\/dia-mundial-de-l-autisme\/","title":{"rendered":"Dia mundial de l&#8217; autisme"},"content":{"rendered":"<p><span style=\"font-weight: 400;\">Com a escola inclusiva volem fer visible el Dia Mundial de conscienciaci\u00f3 sobre l\u2019Autisme que es celebra el dia 2 d\u2019abril per aix\u00f2 ens sumem a la marea blava!!! Aquest any ho fem des de casa per\u00f2 amb la mateixa energia. Seguirem lluitant per una educaci\u00f3 on es fomentin valors com el respecte, la toler\u00e0ncia, la inclusi\u00f3 i la diversitat. Totes les fotos que ens envieu #acasadeblau les anirem penjant a <a href=\"https:\/\/photos.app.goo.gl\/Jqy7v6RHpqDbjCWv8\">aquest<\/a> album de fotos.\u00a0<\/span><\/p>\n<p><span style=\"font-weight: 400;\"><img loading=\"lazy\" decoding=\"async\" class=\"wp-image-4366 size-medium aligncenter\" src=\"https:\/\/agora.xtec.cat\/ceip-ignasiiglesias-cornella\/wp-content\/uploads\/usu1592\/2020\/03\/cartell-AUTISME-225x300.jpg\" alt=\"\" width=\"225\" height=\"300\" srcset=\"https:\/\/agora.xtec.cat\/ceip-ignasiiglesias-cornella\/wp-content\/uploads\/usu1592\/2020\/03\/cartell-AUTISME-225x300.jpg 225w, https:\/\/agora.xtec.cat\/ceip-ignasiiglesias-cornella\/wp-content\/uploads\/usu1592\/2020\/03\/cartell-AUTISME.jpg 480w\" sizes=\"auto, (max-width: 225px) 100vw, 225px\" \/><\/span><\/p>\n<h3 style=\"text-align: center;\"><a href=\"https:\/\/www.connectatalblau.org\/es\/\">#connectatalblau<\/a><\/h3>\n<h3 style=\"text-align: center;\"><\/h3>\n","protected":false},"excerpt":{"rendered":"<p>Com a escola inclusiva volem fer visible el Dia Mundial de conscienciaci\u00f3 sobre l\u2019Autisme que es celebra el dia 2 d\u2019abril per aix\u00f2 ens sumem a la marea blava!!! Aquest any ho fem des de casa per\u00f2 amb la mateixa energia. Seguirem lluitant per una&hellip;  <a href=\"https:\/\/agora.xtec.cat\/ceip-ignasiiglesias-cornella\/infantil\/dia-mundial-de-l-autisme\/\" title=\"Read Dia mundial de l&#8217; autisme\">Llegeix m\u00e9s\u00bb<\/a><\/p>\n","protected":false},"author":4,"featured_media":4363,"comment_status":"open","ping_status":"closed","sticky":false,"template":"","format":"standard","meta":{"_bbp_topic_count":0,"_bbp_reply_count":0,"_bbp_total_topic_count":0,"_bbp_total_reply_count":0,"_bbp_voice_count":0,"_bbp_anonymous_reply_count":0,"_bbp_topic_count_hidden":0,"_bbp_reply_count_hidden":0,"_bbp_forum_subforum_count":0,"footnotes":""},"categories":[10,12,14,2,3,8,9,4],"tags":[449,762],"class_list":["post-4365","post","type-post","status-publish","format-standard","has-post-thumbnail","hentry","category-cicle-inicial","category-cicle-mitja","category-cicle-superior","category-infantil","category-p3","category-p4","category-p5","category-portada","tag-autisme","tag-connectatalblau"],"post_mailing_queue_ids":[],"_links":{"self":[{"href":"https:\/\/agora.xtec.cat\/ceip-ignasiiglesias-cornella\/wp-json\/wp\/v2\/posts\/4365","targetHints":{"allow":["GET"]}}],"collection":[{"href":"https:\/\/agora.xtec.cat\/ceip-ignasiiglesias-cornella\/wp-json\/wp\/v2\/posts"}],"about":[{"href":"https:\/\/agora.xtec.cat\/ceip-ignasiiglesias-cornella\/wp-json\/wp\/v2\/types\/post"}],"author":[{"embeddable":true,"href":"https:\/\/agora.xtec.cat\/ceip-ignasiiglesias-cornella\/wp-json\/wp\/v2\/users\/4"}],"replies":[{"embeddable":true,"href":"https:\/\/agora.xtec.cat\/ceip-ignasiiglesias-cornella\/wp-json\/wp\/v2\/comments?post=4365"}],"version-history":[{"count":3,"href":"https:\/\/agora.xtec.cat\/ceip-ignasiiglesias-cornella\/wp-json\/wp\/v2\/posts\/4365\/revisions"}],"predecessor-version":[{"id":4372,"href":"https:\/\/agora.xtec.cat\/ceip-ignasiiglesias-cornella\/wp-json\/wp\/v2\/posts\/4365\/revisions\/4372"}],"wp:featuredmedia":[{"embeddable":true,"href":"https:\/\/agora.xtec.cat\/ceip-ignasiiglesias-cornella\/wp-json\/wp\/v2\/media\/4363"}],"wp:attachment":[{"href":"https:\/\/agora.xtec.cat\/ceip-ignasiiglesias-cornella\/wp-json\/wp\/v2\/media?parent=4365"}],"wp:term":[{"taxonomy":"category","embeddable":true,"href":"https:\/\/agora.xtec.cat\/ceip-ignasiiglesias-cornella\/wp-json\/wp\/v2\/categories?post=4365"},{"taxonomy":"post_tag","embeddable":true,"href":"https:\/\/agora.xtec.cat\/ceip-ignasiiglesias-cornella\/wp-json\/wp\/v2\/tags?post=4365"}],"curies":[{"name":"wp","href":"https:\/\/api.w.org\/{rel}","templated":true}]}}