{"id":4361,"date":"2020-03-30T19:40:14","date_gmt":"2020-03-30T17:40:14","guid":{"rendered":"http:\/\/agora.xtec.cat\/ceip-ignasiiglesias-cornella\/?p=4361"},"modified":"2020-03-30T19:40:44","modified_gmt":"2020-03-30T17:40:44","slug":"kidz-bop-dont-start-now-dua-lipa","status":"publish","type":"post","link":"https:\/\/agora.xtec.cat\/ceip-ignasiiglesias-cornella\/general\/kidz-bop-dont-start-now-dua-lipa\/","title":{"rendered":"Kidz Bop &#8211; Don&#8217;t Start Now (Dua Lipa)"},"content":{"rendered":"<p>Bon dia a tothom!<\/p>\n<p>Comencem setmana amb un nou repte en angl\u00e8s musical de la m\u00e0 del grup juvenil <strong>Kidz Bop<\/strong> que han versionat la can\u00e7\u00f3 de <strong>Dua Lipa &#8211; Don&#8217;t Start Now.<\/strong><\/p>\n<p>Enlla\u00e7:\u00a0<a href=\"https:\/\/en.islcollective.com\/video-lessons\/kidz-bop-dont-start-now-dua-lipa\" target=\"_blank\" rel=\"noopener noreferrer\">Kidz Bop &#8211; Don&#8217;t Start Now (Dua Lipa)<\/a><\/p>\n<p><strong>Si voleu alguna can\u00e7\u00f3 en concret, deixeu el vostre comentari i veurem si es pot posar tamb\u00e9!<\/strong><\/p>\n<p>Animeu-vos a participar i correu la veu als vostres companys!<br \/>\nRecordeu de posar el nom de l\u2019alumne, classe i percentatge que heu fet!<\/p>\n<p>Stay at home but do some English! =)<\/p>\n","protected":false},"excerpt":{"rendered":"<p>Bon dia a tothom!<br \/>\nComencem setmana amb un nou repte en angl\u00e8s musical de la m\u00e0 del grup juvenil Kidz Bop que han versionat la can\u00e7\u00f3 de Dua Lipa &#8211; Don&#8217;t Start Now.<br \/>\nEnlla\u00e7:\u00a0<a href=\"https:\/\/en.islcollective.com\/video-lessons\/kidz-bop-dont-start-now-dua-lipa\" target=\"_blank\" rel=\"noopener noreferrer\">Kidz Bop &#8211; Don&#8217;t Start Now (Dua Lipa)<\/a><br \/>\nSi voleu alguna&hellip;  <a href=\"https:\/\/agora.xtec.cat\/ceip-ignasiiglesias-cornella\/general\/kidz-bop-dont-start-now-dua-lipa\/\" title=\"Read Kidz Bop &#8211; Don&#8217;t Start Now (Dua Lipa)\">Llegeix m\u00e9s\u00bb<\/a><\/p>\n","protected":false},"author":4,"featured_media":0,"comment_status":"open","ping_status":"closed","sticky":false,"template":"","format":"standard","meta":{"_bbp_topic_count":0,"_bbp_reply_count":0,"_bbp_total_topic_count":0,"_bbp_total_reply_count":0,"_bbp_voice_count":0,"_bbp_anonymous_reply_count":0,"_bbp_topic_count_hidden":0,"_bbp_reply_count_hidden":0,"_bbp_forum_subforum_count":0,"footnotes":""},"categories":[82,10,12,14,1,2,3,8,9,5],"tags":[134,761,760,725,759,724],"class_list":["post-4361","post","type-post","status-publish","format-standard","hentry","category-angles","category-cicle-inicial","category-cicle-mitja","category-cicle-superior","category-general","category-infantil","category-p3","category-p4","category-p5","category-primaria","tag-angles","tag-dont-start-now","tag-dua-lipa","tag-english","tag-kidz-bop","tag-stay-at-home"],"post_mailing_queue_ids":[],"_links":{"self":[{"href":"https:\/\/agora.xtec.cat\/ceip-ignasiiglesias-cornella\/wp-json\/wp\/v2\/posts\/4361","targetHints":{"allow":["GET"]}}],"collection":[{"href":"https:\/\/agora.xtec.cat\/ceip-ignasiiglesias-cornella\/wp-json\/wp\/v2\/posts"}],"about":[{"href":"https:\/\/agora.xtec.cat\/ceip-ignasiiglesias-cornella\/wp-json\/wp\/v2\/types\/post"}],"author":[{"embeddable":true,"href":"https:\/\/agora.xtec.cat\/ceip-ignasiiglesias-cornella\/wp-json\/wp\/v2\/users\/4"}],"replies":[{"embeddable":true,"href":"https:\/\/agora.xtec.cat\/ceip-ignasiiglesias-cornella\/wp-json\/wp\/v2\/comments?post=4361"}],"version-history":[{"count":1,"href":"https:\/\/agora.xtec.cat\/ceip-ignasiiglesias-cornella\/wp-json\/wp\/v2\/posts\/4361\/revisions"}],"predecessor-version":[{"id":4362,"href":"https:\/\/agora.xtec.cat\/ceip-ignasiiglesias-cornella\/wp-json\/wp\/v2\/posts\/4361\/revisions\/4362"}],"wp:attachment":[{"href":"https:\/\/agora.xtec.cat\/ceip-ignasiiglesias-cornella\/wp-json\/wp\/v2\/media?parent=4361"}],"wp:term":[{"taxonomy":"category","embeddable":true,"href":"https:\/\/agora.xtec.cat\/ceip-ignasiiglesias-cornella\/wp-json\/wp\/v2\/categories?post=4361"},{"taxonomy":"post_tag","embeddable":true,"href":"https:\/\/agora.xtec.cat\/ceip-ignasiiglesias-cornella\/wp-json\/wp\/v2\/tags?post=4361"}],"curies":[{"name":"wp","href":"https:\/\/api.w.org\/{rel}","templated":true}]}}